{"id":61337,"date":"2026-01-13T21:59:51","date_gmt":"2026-01-14T02:59:51","guid":{"rendered":"https:\/\/www.radiosanctispiritus.cu\/es\/?p=61337"},"modified":"2026-01-13T22:02:21","modified_gmt":"2026-01-14T03:02:21","slug":"reconocen-a-central-electrica-de-trinidad-por-el-dia-del-trabajador-del-sector","status":"publish","type":"post","link":"https:\/\/www.radiosanctispiritus.cu\/es\/reconocen-a-central-electrica-de-trinidad-por-el-dia-del-trabajador-del-sector\/","title":{"rendered":"Reconocen a Central El\u00e9ctrica de Trinidad por el D\u00eda del Trabajador del sector"},"content":{"rendered":"<p>La Central El\u00e9ctrica de Trinidad, por dos a\u00f1os consecutivos Colectivo Vanguardia Nacional del Sindicato de Trabajadores de Energ\u00eda y Minas, fue sede del acto municipal de reconocimiento a mujeres y hombres del sector el\u00e9ctrico a prop\u00f3sito de este 14 de enero.<\/p>\n<p>Ernesto N\u00fa\u00f1ez Torrado, jefe de la planta adjunta a la Unidad Empresarial de Base Mantenimiento de Grupos Electr\u00f3genos Fuel Oil Sancti Sp\u00edritus, destac\u00f3 en su intervenci\u00f3n que la disponibilidad, generaci\u00f3n bruta y consumo de fuel y di\u00e9sel figuran entre\u00a0 los indicadores de eficiencia alcanzados durante el 2025.<\/p>\n<p>Tambi\u00e9n se\u00f1al\u00f3 que, ante las ca\u00eddas del Sistema Electroenerg\u00e9tico Nacional sus trabajadores de conjunto con quienes se desempe\u00f1an en la Bater\u00eda de Grupos Electr\u00f3genos Di\u00e9sel, mantienen la vitalidad en servicios priorizados como el hospital municipal, el bombeo de agua, las comunicaciones y la poblaci\u00f3n en general, seg\u00fan la demanda.<\/p>\n<p>De esa manera, Daily Escobar Ram\u00edrez, vicentendente del Consejo de la Administraci\u00f3n Municipal, y Jorge Araujo Rodr\u00edguez, director de EMGEF, distinguieron a la Central El\u00e9ctrica Trinidad y a t\u00e9cnicos y especialistas por su dedicaci\u00f3n y compromiso con la misi\u00f3n que les corresponde.<\/p>\n<p>Por su parte, William Rodr\u00edguez Turi\u00f1o, primer secretario del Partido en Trinidad,reconoci\u00f3 al trabajador Tom\u00e1s Zerquera Torres, quien cumpli\u00f3 misi\u00f3n internacionalista en la Rep\u00fablica Bolivariana de Venezuela.<\/p>\n<p>Adem\u00e1s, Tania Guti\u00e9rrez Fontanills, presidenta de la Asamblea Municipal del Poder Popular, entreg\u00f3 diplomas de reconocimiento a otros especialistas de la OBE sure\u00f1a que se destacan, as\u00ed como a los departamentos de Econom\u00eda y de Recursos Humanos, Sucursales, al mejor inspector y al mejor jefe de brigada.<\/p>\n<p>En el acto municipal en Trinidad por el d\u00eda del trabajador el\u00e9ctrico se conden\u00f3 la agresi\u00f3n estadounidense a la Rep\u00fablica Bolivariana de Venezuela y se rindi\u00f3 tributo a los 32 compatriotas ca\u00eddos en la hermana naci\u00f3n latinoamericana.<\/p>\n<p>Las palabras centrales fueron pronunciadas por Roberto Rodr\u00edguez Mart\u00edn, miembro del Bur\u00f3 Municipal del Partido, quien convoc\u00f3 a responder con firmeza a las provocaciones del imperio.<\/p>\n<p><iframe src=\"https:\/\/www.ivoox.com\/player_ej_166652338_6_1.html?c1=7a0d0b\" width=\"100%\" height=\"200\" frameborder=\"0\" scrolling=\"no\" allowfullscreen=\"allowfullscreen\"><\/iframe><\/p>\n","protected":false},"excerpt":{"rendered":"<p>La Central El\u00e9ctrica de Trinidad, por dos a\u00f1os consecutivos Colectivo Vanguardia Nacional del Sindicato de Trabajadores de Energ\u00eda y Minas, fue sede del acto municipal de reconocimiento a mujeres y hombres del sector el\u00e9ctrico a prop\u00f3sito de este 14 de enero.<\/p>\n","protected":false},"author":145,"featured_media":61338,"comment_status":"open","ping_status":"open","sticky":false,"template":"","format":"standard","meta":{"_acf_changed":false,"footnotes":""},"categories":[8,16,9,1],"tags":[1654,390],"coauthors":[1886],"class_list":["post-61337","post","type-post","status-publish","format-standard","has-post-thumbnail","hentry","category-noticia","category-economia","category-en-audio","category-sancti-spiritus","tag-dia-del-trabajador-electrico","tag-electricos"],"acf":[],"_links":{"self":[{"href":"https:\/\/www.radiosanctispiritus.cu\/es\/wp-json\/wp\/v2\/posts\/61337","targetHints":{"allow":["GET"]}}],"collection":[{"href":"https:\/\/www.radiosanctispiritus.cu\/es\/wp-json\/wp\/v2\/posts"}],"about":[{"href":"https:\/\/www.radiosanctispiritus.cu\/es\/wp-json\/wp\/v2\/types\/post"}],"author":[{"embeddable":true,"href":"https:\/\/www.radiosanctispiritus.cu\/es\/wp-json\/wp\/v2\/users\/145"}],"replies":[{"embeddable":true,"href":"https:\/\/www.radiosanctispiritus.cu\/es\/wp-json\/wp\/v2\/comments?post=61337"}],"version-history":[{"count":3,"href":"https:\/\/www.radiosanctispiritus.cu\/es\/wp-json\/wp\/v2\/posts\/61337\/revisions"}],"predecessor-version":[{"id":61341,"href":"https:\/\/www.radiosanctispiritus.cu\/es\/wp-json\/wp\/v2\/posts\/61337\/revisions\/61341"}],"wp:featuredmedia":[{"embeddable":true,"href":"https:\/\/www.radiosanctispiritus.cu\/es\/wp-json\/wp\/v2\/media\/61338"}],"wp:attachment":[{"href":"https:\/\/www.radiosanctispiritus.cu\/es\/wp-json\/wp\/v2\/media?parent=61337"}],"wp:term":[{"taxonomy":"category","embeddable":true,"href":"https:\/\/www.radiosanctispiritus.cu\/es\/wp-json\/wp\/v2\/categories?post=61337"},{"taxonomy":"post_tag","embeddable":true,"href":"https:\/\/www.radiosanctispiritus.cu\/es\/wp-json\/wp\/v2\/tags?post=61337"},{"taxonomy":"author","embeddable":true,"href":"https:\/\/www.radiosanctispiritus.cu\/es\/wp-json\/wp\/v2\/coauthors?post=61337"}],"curies":[{"name":"wp","href":"https:\/\/api.w.org\/{rel}","templated":true}]}}