{"id":61319,"date":"2026-01-14T05:15:59","date_gmt":"2026-01-14T10:15:59","guid":{"rendered":"https:\/\/www.radiosanctispiritus.cu\/es\/?p=61319"},"modified":"2026-01-14T06:33:29","modified_gmt":"2026-01-14T11:33:29","slug":"muele-ya-el-central-melanio-hernandez","status":"publish","type":"post","link":"https:\/\/www.radiosanctispiritus.cu\/es\/muele-ya-el-central-melanio-hernandez\/","title":{"rendered":"Muele ya el central Melanio Hern\u00e1ndez"},"content":{"rendered":"<p>Desde este martes, el central Melanio Hern\u00e1ndez ejecut\u00f3 su arrancado oficial de la zafa despu\u00e9s de varias jornadas, en las que ajust\u00f3 su maquinaria con la molida de determinado volumen de ca\u00f1a destinado a la obtenci\u00f3n de meladura.<\/p>\n<p>Seg\u00fan inform\u00f3 el director de la industria de taguasquense, ingeniero Radam\u00e9 Rodr\u00edguez Palmero, la actual cosecha est\u00e1 planificada para 70 d\u00edas de operaciones con un programa productivo de algo m\u00e1s de 14 mil toneladas del dulce.<\/p>\n<p>El Melanio Hern\u00e1ndez fue la \u00fanica f\u00e1brica cumplidora en el pa\u00eds de su plan de az\u00facar en la pasada zafra y para la actual contienda, planifica un aprovechamiento de su capacidad de molida del 60 pro ciento, aspiraci\u00f3n que pone a prueba todos los sistemas de corte y tiro de la ca\u00f1a dentro de la provincia espirituana y de la empresa Heriberto Duquesne, de Villa Clara, responsabilizaba esta \u00faltima con el 60% de la ca\u00f1a estimada para la actual zafra.<\/p>\n<p>El central de Tunic\u00fa, ranqueado entre los m\u00e1s eficientes de Cuba, tiene un plan de rendimiento industrial de 8,62 puntos, seg\u00fan la fuente, a medida que se consoliden los niveles de procesamiento de materia prima.<\/p>\n<p><iframe src=\"https:\/\/www.ivoox.com\/player_ej_166643226_6_1.html?c1=7a0d0b\" width=\"100%\" height=\"200\" frameborder=\"0\" scrolling=\"no\" allowfullscreen=\"allowfullscreen\"><\/iframe><\/p>\n","protected":false},"excerpt":{"rendered":"<p>Desde este martes, el central Melanio Hern\u00e1ndez, \u00fanica industria del pa\u00eds cumplidora de su compromiso en la anterior zafra, ejecut\u00f3 su arrancada oficial de la presente contienda despu\u00e9s de varias jornadas en las que ajust\u00f3 su maquinaria con la molida de determinado volumen de ca\u00f1a destinado a la obtenci\u00f3n de meladura.<\/p>\n","protected":false},"author":17,"featured_media":31797,"comment_status":"open","ping_status":"open","sticky":false,"template":"","format":"standard","meta":{"_acf_changed":false,"footnotes":""},"categories":[8,16,9,1],"tags":[270,424,625],"coauthors":[1870],"class_list":["post-61319","post","type-post","status-publish","format-standard","has-post-thumbnail","hentry","category-noticia","category-economia","category-en-audio","category-sancti-spiritus","tag-azcuba","tag-central-melanio-hernandez","tag-zafra-azucarera"],"acf":[],"_links":{"self":[{"href":"https:\/\/www.radiosanctispiritus.cu\/es\/wp-json\/wp\/v2\/posts\/61319","targetHints":{"allow":["GET"]}}],"collection":[{"href":"https:\/\/www.radiosanctispiritus.cu\/es\/wp-json\/wp\/v2\/posts"}],"about":[{"href":"https:\/\/www.radiosanctispiritus.cu\/es\/wp-json\/wp\/v2\/types\/post"}],"author":[{"embeddable":true,"href":"https:\/\/www.radiosanctispiritus.cu\/es\/wp-json\/wp\/v2\/users\/17"}],"replies":[{"embeddable":true,"href":"https:\/\/www.radiosanctispiritus.cu\/es\/wp-json\/wp\/v2\/comments?post=61319"}],"version-history":[{"count":4,"href":"https:\/\/www.radiosanctispiritus.cu\/es\/wp-json\/wp\/v2\/posts\/61319\/revisions"}],"predecessor-version":[{"id":61323,"href":"https:\/\/www.radiosanctispiritus.cu\/es\/wp-json\/wp\/v2\/posts\/61319\/revisions\/61323"}],"wp:featuredmedia":[{"embeddable":true,"href":"https:\/\/www.radiosanctispiritus.cu\/es\/wp-json\/wp\/v2\/media\/31797"}],"wp:attachment":[{"href":"https:\/\/www.radiosanctispiritus.cu\/es\/wp-json\/wp\/v2\/media?parent=61319"}],"wp:term":[{"taxonomy":"category","embeddable":true,"href":"https:\/\/www.radiosanctispiritus.cu\/es\/wp-json\/wp\/v2\/categories?post=61319"},{"taxonomy":"post_tag","embeddable":true,"href":"https:\/\/www.radiosanctispiritus.cu\/es\/wp-json\/wp\/v2\/tags?post=61319"},{"taxonomy":"author","embeddable":true,"href":"https:\/\/www.radiosanctispiritus.cu\/es\/wp-json\/wp\/v2\/coauthors?post=61319"}],"curies":[{"name":"wp","href":"https:\/\/api.w.org\/{rel}","templated":true}]}}