{"id":61304,"date":"2026-01-14T05:30:32","date_gmt":"2026-01-14T10:30:32","guid":{"rendered":"https:\/\/www.radiosanctispiritus.cu\/es\/?p=61304"},"modified":"2026-01-14T12:32:38","modified_gmt":"2026-01-14T17:32:38","slug":"las-voces-del-18888","status":"publish","type":"post","link":"https:\/\/www.radiosanctispiritus.cu\/es\/las-voces-del-18888\/","title":{"rendered":"Las voces del 1 88 88"},"content":{"rendered":"<p>En el actual contexto de la provincia, entre prolongados apagones, gestiones que se acumulan, tr\u00e1mites que esperan y necesidades que no admiten postergaci\u00f3n, el tel\u00e9fono se ha convertido en una v\u00eda directa para buscar orientaci\u00f3n.<\/p>\n<p>El 18888 no descansa. Desde las primeras horas de la ma\u00f1ana hasta entrada la noche, el Centro de Atenci\u00f3n Telef\u00f3nica de la Empresa El\u00e9ctrica Sancti Sp\u00edritus (EESS) sostiene un flujo continuo de llamadas.<\/p>\n<p>Cuando los hogares se cargan de dudas y el tiempo parece alargarse, el timbre vuelve a escucharse: hay personas que necesitan informaci\u00f3n porque los apagones no dan tregua. La incomodidad que provocan las afectaciones al servicio \u2014con repercusiones evidentes en la vida dom\u00e9stica\u2014 se traduce casi de inmediato en tel\u00e9fonos que suenan. Cada circuito afectado multiplica las llamadas y cada duda busca respuestas.<\/p>\n<div id=\"attachment_61333\" style=\"width: 610px\" class=\"wp-caption aligncenter\"><img decoding=\"async\" aria-describedby=\"caption-attachment-61333\" class=\"size-medium wp-image-61333\" src=\"https:\/\/www.radiosanctispiritus.cu\/es\/wp-content\/uploads\/En-10-anos-mas-de-130-personas-se-han-formado-en-este-Centro.-Foto-Yosdany-Morejon-600x276.jpg\" alt=\"\" width=\"600\" height=\"276\" srcset=\"https:\/\/www.radiosanctispiritus.cu\/es\/wp-content\/uploads\/En-10-anos-mas-de-130-personas-se-han-formado-en-este-Centro.-Foto-Yosdany-Morejon-600x276.jpg 600w, https:\/\/www.radiosanctispiritus.cu\/es\/wp-content\/uploads\/En-10-anos-mas-de-130-personas-se-han-formado-en-este-Centro.-Foto-Yosdany-Morejon-1024x471.jpg 1024w, https:\/\/www.radiosanctispiritus.cu\/es\/wp-content\/uploads\/En-10-anos-mas-de-130-personas-se-han-formado-en-este-Centro.-Foto-Yosdany-Morejon-768x353.jpg 768w, https:\/\/www.radiosanctispiritus.cu\/es\/wp-content\/uploads\/En-10-anos-mas-de-130-personas-se-han-formado-en-este-Centro.-Foto-Yosdany-Morejon-1536x707.jpg 1536w, https:\/\/www.radiosanctispiritus.cu\/es\/wp-content\/uploads\/En-10-anos-mas-de-130-personas-se-han-formado-en-este-Centro.-Foto-Yosdany-Morejon-2048x942.jpg 2048w\" sizes=\"(max-width: 600px) 100vw, 600px\" \/><p id=\"caption-attachment-61333\" class=\"wp-caption-text\">En 10 a\u00f1os, m\u00e1s de 130 personas se han formado en este Centro.<\/p><\/div>\n<p>Durante 2025, ese di\u00e1logo alcanz\u00f3 el mayor volumen de su historia. Desde la fundaci\u00f3n del servicio, el 3 de noviembre de 2015, nunca se hab\u00edan registrado tantas llamadas: 1 046 950. De ellas, 977 021 fueron informativas: consultas sobre facturaci\u00f3n, localizaci\u00f3n de oficinas, orientaciones comerciales, horarios&#8230;<\/p>\n<p>Un total de 40 712 correspondi\u00f3 a reportes por falta de servicio, en tanto 29 217 se clasificaron como llamadas dejadas de atender, no porque el Centro no respondiera, sino porque el cliente abandon\u00f3 la l\u00ednea ante la congesti\u00f3n. Aun as\u00ed, el indicador de efectividad super\u00f3 el 97 por ciento.<\/p>\n<p>Las cifras revelan h\u00e1bitos humanos. El tiempo promedio de conversaci\u00f3n fue de 37 segundos, aunque hay llamadas que se dilatan. El tiempo de espera promedi\u00f3 11 segundos. Mayo fue el mes de mayor tr\u00e1fico; diciembre, el de menor movimiento; mientras que, entre las horas, lasocho de la noche se consolid\u00f3, una vez m\u00e1s, como la de mayor demanda.<\/p>\n<p>Detr\u00e1s de cada dato, hay una voz que pregunta y otra que responde.<\/p>\n<p>UN RELOJ QUE NO CONOCE FERIADOS<\/p>\n<div id=\"attachment_61328\" style=\"width: 610px\" class=\"wp-caption aligncenter\"><img decoding=\"async\" aria-describedby=\"caption-attachment-61328\" class=\"size-medium wp-image-61328\" src=\"https:\/\/www.radiosanctispiritus.cu\/es\/wp-content\/uploads\/Desde-las-primeras-horas-de-la-manana-hasta-entrada-la-noche-el-Centro-de-Atencion-Telefonica-de-la-Empresa-Electrica-Sancti-Spiritus-sostiene-un-flujo-continuo-de-llamadas.-Foto-Y-600x276.jpg\" alt=\"\" width=\"600\" height=\"276\" srcset=\"https:\/\/www.radiosanctispiritus.cu\/es\/wp-content\/uploads\/Desde-las-primeras-horas-de-la-manana-hasta-entrada-la-noche-el-Centro-de-Atencion-Telefonica-de-la-Empresa-Electrica-Sancti-Spiritus-sostiene-un-flujo-continuo-de-llamadas.-Foto-Y-600x276.jpg 600w, https:\/\/www.radiosanctispiritus.cu\/es\/wp-content\/uploads\/Desde-las-primeras-horas-de-la-manana-hasta-entrada-la-noche-el-Centro-de-Atencion-Telefonica-de-la-Empresa-Electrica-Sancti-Spiritus-sostiene-un-flujo-continuo-de-llamadas.-Foto-Y-1024x471.jpg 1024w, https:\/\/www.radiosanctispiritus.cu\/es\/wp-content\/uploads\/Desde-las-primeras-horas-de-la-manana-hasta-entrada-la-noche-el-Centro-de-Atencion-Telefonica-de-la-Empresa-Electrica-Sancti-Spiritus-sostiene-un-flujo-continuo-de-llamadas.-Foto-Y-768x353.jpg 768w, https:\/\/www.radiosanctispiritus.cu\/es\/wp-content\/uploads\/Desde-las-primeras-horas-de-la-manana-hasta-entrada-la-noche-el-Centro-de-Atencion-Telefonica-de-la-Empresa-Electrica-Sancti-Spiritus-sostiene-un-flujo-continuo-de-llamadas.-Foto-Y-1536x707.jpg 1536w, https:\/\/www.radiosanctispiritus.cu\/es\/wp-content\/uploads\/Desde-las-primeras-horas-de-la-manana-hasta-entrada-la-noche-el-Centro-de-Atencion-Telefonica-de-la-Empresa-Electrica-Sancti-Spiritus-sostiene-un-flujo-continuo-de-llamadas.-Foto-Y-2048x942.jpg 2048w\" sizes=\"(max-width: 600px) 100vw, 600px\" \/><p id=\"caption-attachment-61328\" class=\"wp-caption-text\"><br \/>Desde las primeras horas de la ma\u00f1ana hasta entrada la noche, el Centro de Atenci\u00f3n Telef\u00f3nica de la Empresa El\u00e9ctrica Sancti Sp\u00edritus sostiene un flujo continuo de llamadas.<\/p><\/div>\n<p>El Centro de Atenci\u00f3n Telef\u00f3nica de la EESS funciona sin interrupciones. No cierra en feriados, ni en fechas conmemorativas, ni los fines de semana. Opera las 24 horas del d\u00eda, los 365 d\u00edas del a\u00f1o. All\u00ed laboran 28 personas distribuidas en cuatro turnos.<\/p>\n<p>El horario diurno transcurre de ocho de la ma\u00f1ana a cinco de la tarde. La noche comienza a esa hora y termina a las ocho del d\u00eda siguiente: 15 horas de atenci\u00f3n continua.<\/p>\n<div id=\"attachment_61332\" style=\"width: 610px\" class=\"wp-caption aligncenter\"><img decoding=\"async\" aria-describedby=\"caption-attachment-61332\" class=\"size-medium wp-image-61332\" src=\"https:\/\/www.radiosanctispiritus.cu\/es\/wp-content\/uploads\/El-trabajo-exige-concentracion-prolongada-explica-Yorbelis-Sanchez-Rodriguez-especialista-principal-del-Centro.-Foto-Yosdany-Morejon-600x276.jpg\" alt=\"\" width=\"600\" height=\"276\" srcset=\"https:\/\/www.radiosanctispiritus.cu\/es\/wp-content\/uploads\/El-trabajo-exige-concentracion-prolongada-explica-Yorbelis-Sanchez-Rodriguez-especialista-principal-del-Centro.-Foto-Yosdany-Morejon-600x276.jpg 600w, https:\/\/www.radiosanctispiritus.cu\/es\/wp-content\/uploads\/El-trabajo-exige-concentracion-prolongada-explica-Yorbelis-Sanchez-Rodriguez-especialista-principal-del-Centro.-Foto-Yosdany-Morejon-1024x471.jpg 1024w, https:\/\/www.radiosanctispiritus.cu\/es\/wp-content\/uploads\/El-trabajo-exige-concentracion-prolongada-explica-Yorbelis-Sanchez-Rodriguez-especialista-principal-del-Centro.-Foto-Yosdany-Morejon-768x353.jpg 768w, https:\/\/www.radiosanctispiritus.cu\/es\/wp-content\/uploads\/El-trabajo-exige-concentracion-prolongada-explica-Yorbelis-Sanchez-Rodriguez-especialista-principal-del-Centro.-Foto-Yosdany-Morejon-1536x707.jpg 1536w, https:\/\/www.radiosanctispiritus.cu\/es\/wp-content\/uploads\/El-trabajo-exige-concentracion-prolongada-explica-Yorbelis-Sanchez-Rodriguez-especialista-principal-del-Centro.-Foto-Yosdany-Morejon-2048x942.jpg 2048w\" sizes=\"(max-width: 600px) 100vw, 600px\" \/><p id=\"caption-attachment-61332\" class=\"wp-caption-text\">El trabajo exige concentraci\u00f3n prolongada, explica Yorbelis S\u00e1nchez Rodr\u00edguez, especialista principal del Centro.<\/p><\/div>\n<p>El trabajo exige concentraci\u00f3n prolongada. No se trata solo de levantar el tel\u00e9fono. \u201cCada llamada implica operar sistemas inform\u00e1ticos, registrar datos, identificar clientes, emitir reportes de interrupciones, clasificar solicitudes, derivarlas hacia el despacho provincial de carga o hacia oficinas comerciales y hacerlo mientras se administra la inquietud del interlocutor. El cansancio no se mide \u00fanicamente por horas, sino por intensidad emocional\u201d, explica Yorbelis S\u00e1nchez Rodr\u00edguez, especialista principal del Centro.<\/p>\n<p>Reconoce que los mayores picos de llamadas tienen causa identificable: \u201cLos momentos de mayor afectaci\u00f3n al servicio el\u00e9ctrico disparan el tr\u00e1fico de manera inmediata; la poblaci\u00f3n necesita informaci\u00f3n, y el 18888 es la primera v\u00eda que buscan\u201d.<\/p>\n<p>La mayor parte del colectivo est\u00e1 integrada por mujeres. Muchas administran el hogar, cuidan hijos o ancianos, reorganizan su vida personal seg\u00fan el turno laboral. Trabajar de noche significa dormir de d\u00eda, invertir rutinas, salir y regresar cuando la ciudad se recoge. No todas lo resisten. La fluctuaci\u00f3n de personal confirma la exigencia del puesto. Pero quienes permanecen coinciden: vale la pena porque saben que su labor resulta \u00fatil para miles de hogares.<\/p>\n<p>IVANIA: 10 A\u00d1OS AL OTRO LADO DE LA L\u00cdNEA<\/p>\n<div id=\"attachment_61325\" style=\"width: 610px\" class=\"wp-caption aligncenter\"><img decoding=\"async\" aria-describedby=\"caption-attachment-61325\" class=\"size-medium wp-image-61325\" src=\"https:\/\/www.radiosanctispiritus.cu\/es\/wp-content\/uploads\/Ivania-Gutierrez-Triana-tiene-58-anos-y-una-serenidad-que-no-nacio-con-ella.-Foto-Yosdany-Morejon-600x276.jpg\" alt=\"\" width=\"600\" height=\"276\" srcset=\"https:\/\/www.radiosanctispiritus.cu\/es\/wp-content\/uploads\/Ivania-Gutierrez-Triana-tiene-58-anos-y-una-serenidad-que-no-nacio-con-ella.-Foto-Yosdany-Morejon-600x276.jpg 600w, https:\/\/www.radiosanctispiritus.cu\/es\/wp-content\/uploads\/Ivania-Gutierrez-Triana-tiene-58-anos-y-una-serenidad-que-no-nacio-con-ella.-Foto-Yosdany-Morejon-1024x471.jpg 1024w, https:\/\/www.radiosanctispiritus.cu\/es\/wp-content\/uploads\/Ivania-Gutierrez-Triana-tiene-58-anos-y-una-serenidad-que-no-nacio-con-ella.-Foto-Yosdany-Morejon-768x353.jpg 768w, https:\/\/www.radiosanctispiritus.cu\/es\/wp-content\/uploads\/Ivania-Gutierrez-Triana-tiene-58-anos-y-una-serenidad-que-no-nacio-con-ella.-Foto-Yosdany-Morejon-1536x707.jpg 1536w, https:\/\/www.radiosanctispiritus.cu\/es\/wp-content\/uploads\/Ivania-Gutierrez-Triana-tiene-58-anos-y-una-serenidad-que-no-nacio-con-ella.-Foto-Yosdany-Morejon-2048x942.jpg 2048w\" sizes=\"(max-width: 600px) 100vw, 600px\" \/><p id=\"caption-attachment-61325\" class=\"wp-caption-text\">Ivania Guti\u00e9rrez Triana tiene 58 a\u00f1os y una serenidad que no naci\u00f3 con ella. Foto Yosdany Morej\u00f3n.<\/p><\/div>\n<p>La historia del 18888 puede contarse a trav\u00e9s de una vida. Se llama Ivania Guti\u00e9rrez Triana. Tiene 58 a\u00f1os y una serenidad que no naci\u00f3 con ella: se entren\u00f3 detr\u00e1s del auricular. Ingres\u00f3 en 2015, cuando el proyecto apenas se delineaba. El local era peque\u00f1o; los equipos, m\u00e1s b\u00e1sicos y el sistema inform\u00e1tico todav\u00eda daba pasos de ensayo y error.<\/p>\n<p>Particip\u00f3 en cursos de atenci\u00f3n al cliente, entrevistas, pruebas. Nadie hab\u00eda trabajado antes en un servicio de este tipo en el territorio. Hab\u00eda que aprender desde cero, sin manual previo.<\/p>\n<p>Ivania recuerda con absoluta nitidez la primera vez que se coloc\u00f3 la diadema y escuch\u00f3, a los pocos segundos, la primera llamada. El timbre son\u00f3 distinto, como si inaugurara algo. Aquel cliente plante\u00f3 una dificultad t\u00e9cnica y ella tuvo que consultar mientras respond\u00eda. La sensaci\u00f3n fue doble: responsabilidad y miedo. Desde ese momento comprendi\u00f3 que el Centro ser\u00eda una puerta abierta permanentemente.<br \/>\n<iframe src=\"https:\/\/www.ivoox.com\/player_ej_166651912_6_1.html\" width=\"100%\" height=\"200\" frameborder=\"0\" scrolling=\"no\" allowfullscreen=\"allowfullscreen\"><\/iframe><\/p>\n<p>Diez a\u00f1os despu\u00e9s, sigue en el mismo sitio, aunque nada es igual. Las madrugadas la han visto atender reportes de aver\u00edas durante tormentas, orientar a familias completas durante largos periodos de afectaciones y explicar, una y otra vez, lo que el sistema el\u00e9ctrico permite prever y lo que no.<\/p>\n<p>\u201cEn los d\u00edas de apagones m\u00e1s prolongados el tel\u00e9fono no deja de sonar; la gente llama porque est\u00e1 extenuada, porque tiene ni\u00f1os peque\u00f1os, porque se le echan a perder los alimentos o porque simplemente necesita que alguien le diga qu\u00e9 est\u00e1 pasando\u201d, confiesa.<\/p>\n<div id=\"attachment_61329\" style=\"width: 610px\" class=\"wp-caption aligncenter\"><img decoding=\"async\" aria-describedby=\"caption-attachment-61329\" class=\"size-medium wp-image-61329\" src=\"https:\/\/www.radiosanctispiritus.cu\/es\/wp-content\/uploads\/El-18888-para-Ivania-ya-no-es-un-numero-corto-sino-una-larga-biografia-compartida.-Foto-Yosdany-Morejon-600x276.jpg\" alt=\"\" width=\"600\" height=\"276\" srcset=\"https:\/\/www.radiosanctispiritus.cu\/es\/wp-content\/uploads\/El-18888-para-Ivania-ya-no-es-un-numero-corto-sino-una-larga-biografia-compartida.-Foto-Yosdany-Morejon-600x276.jpg 600w, https:\/\/www.radiosanctispiritus.cu\/es\/wp-content\/uploads\/El-18888-para-Ivania-ya-no-es-un-numero-corto-sino-una-larga-biografia-compartida.-Foto-Yosdany-Morejon-1024x471.jpg 1024w, https:\/\/www.radiosanctispiritus.cu\/es\/wp-content\/uploads\/El-18888-para-Ivania-ya-no-es-un-numero-corto-sino-una-larga-biografia-compartida.-Foto-Yosdany-Morejon-768x353.jpg 768w, https:\/\/www.radiosanctispiritus.cu\/es\/wp-content\/uploads\/El-18888-para-Ivania-ya-no-es-un-numero-corto-sino-una-larga-biografia-compartida.-Foto-Yosdany-Morejon-1536x707.jpg 1536w, https:\/\/www.radiosanctispiritus.cu\/es\/wp-content\/uploads\/El-18888-para-Ivania-ya-no-es-un-numero-corto-sino-una-larga-biografia-compartida.-Foto-Yosdany-Morejon-2048x942.jpg 2048w\" sizes=\"(max-width: 600px) 100vw, 600px\" \/><p id=\"caption-attachment-61329\" class=\"wp-caption-text\">El 18888, para Ivania, ya no es un n\u00famero corto, sino una larga biograf\u00eda compartida.<\/p><\/div>\n<p>Ivania aprendi\u00f3 a escuchar como profesi\u00f3n. Sabe que detr\u00e1s de una pregunta muchas veces hay una historia que no se cuenta completa. Reconoce, apenas oye decir \u201cbuenas tardes\u201d si la persona viene molesta, agotada o al borde del llanto. En esas ocasiones baja el tono de su voz, hace pausas, repite la informaci\u00f3n con calma. Ese modo de acompa\u00f1ar no aparece en los indicadores, pero evita conflictos y alivia inquietudes.<\/p>\n<p>Su vida personal tambi\u00e9n cambi\u00f3. Al principio le pes\u00f3 el desajuste dom\u00e9stico; despu\u00e9s aprendi\u00f3 a organizar la vida familiar alrededor de los horarios. Sus hijos crecieron vi\u00e9ndola hablar por tel\u00e9fono con desconocidos y entendieron que, del otro lado, tambi\u00e9n hab\u00eda familias como la suya.<\/p>\n<p>Cada a\u00f1o le deja recuerdos que nunca olvidar\u00e1 y, con el tiempo, se convirti\u00f3 en referente del colectivo. La buscan para pedir consejos, para aprender modos de decir, para comprender c\u00f3mo sostener la calma en medio de la tensi\u00f3n.<\/p>\n<p>Los m\u00e1s j\u00f3venes la observan mientras atiende y comprenden que el oficio no consiste solo en registrar datos, sino en saber ofrecerlos. Ella resume la experiencia de estos 10 a\u00f1os con una frase sencilla: \u201cUno aprende a ponerse en el lugar del que llama\u201d.<\/p>\n<p>Su historia atraviesa la historia del propio Centro: naci\u00f3 con \u00e9l y creci\u00f3 con \u00e9l. El 18888, para Ivania, ya no es un n\u00famero corto, sino una larga biograf\u00eda compartida.<\/p>\n<p>UN CORO DE VOCES AN\u00d3NIMAS<\/p>\n<div id=\"attachment_61330\" style=\"width: 610px\" class=\"wp-caption aligncenter\"><img decoding=\"async\" aria-describedby=\"caption-attachment-61330\" class=\"size-medium wp-image-61330\" src=\"https:\/\/www.radiosanctispiritus.cu\/es\/wp-content\/uploads\/Detras-de-cada-dato-hay-una-voz-que-pregunta-y-otra-que-responde.-Foto-Yosdany-Morejon-600x276.jpg\" alt=\"\" width=\"600\" height=\"276\" srcset=\"https:\/\/www.radiosanctispiritus.cu\/es\/wp-content\/uploads\/Detras-de-cada-dato-hay-una-voz-que-pregunta-y-otra-que-responde.-Foto-Yosdany-Morejon-600x276.jpg 600w, https:\/\/www.radiosanctispiritus.cu\/es\/wp-content\/uploads\/Detras-de-cada-dato-hay-una-voz-que-pregunta-y-otra-que-responde.-Foto-Yosdany-Morejon-1024x471.jpg 1024w, https:\/\/www.radiosanctispiritus.cu\/es\/wp-content\/uploads\/Detras-de-cada-dato-hay-una-voz-que-pregunta-y-otra-que-responde.-Foto-Yosdany-Morejon-768x353.jpg 768w, https:\/\/www.radiosanctispiritus.cu\/es\/wp-content\/uploads\/Detras-de-cada-dato-hay-una-voz-que-pregunta-y-otra-que-responde.-Foto-Yosdany-Morejon-1536x707.jpg 1536w, https:\/\/www.radiosanctispiritus.cu\/es\/wp-content\/uploads\/Detras-de-cada-dato-hay-una-voz-que-pregunta-y-otra-que-responde.-Foto-Yosdany-Morejon-2048x942.jpg 2048w\" sizes=\"(max-width: 600px) 100vw, 600px\" \/><p id=\"caption-attachment-61330\" class=\"wp-caption-text\">Detr\u00e1s de cada dato, hay una voz que pregunta y otra que responde.<\/p><\/div>\n<p>Junto a Ivania trabaja un grupo que no suele aparecer en titulares, pero sostiene la cotidianidad del trabajo. Son mujeres, en su mayor\u00eda y algunos hombres. De d\u00eda y de noche repiten un gesto casi id\u00e9ntico: la mirada fija en la pantalla, la cabeza ligeramente inclinada hacia el auricular, la mano que escribe mientras escucha.<\/p>\n<p>Varias dejan a sus hijos dormidos para venir al turno nocturno. Otras llegan despu\u00e9s de cocinar con prisa. Algunas estudian y repasan de madrugada cuando el sistema se despeja. Todas cargan historias propias que se entrecruzan con las de quienes llaman.<\/p>\n<p>En ese sal\u00f3n hay aniversarios celebrados fuera de fecha, meriendas preparadas la noche anterior, frascos de medicinas que marcan la disciplina del horario, libretas llenas de anotaciones r\u00e1pidas. La herramienta principal es la voz y la cuidan como quien protege sus manos en un taller. Saben que la persona que llama no puede verles el rostro, pero construye una imagen a partir del tono.<\/p>\n<p>Por eso aprenden a modular, a contener, a explicar. Ese entrenamiento silencioso forma parte del esfuerzo invisible que no aparece en los n\u00fameros, pero los sostiene.<\/p>\n<p>NUEVOS CAMINOS PARA COMUNICARSE<\/p>\n<div id=\"attachment_61331\" style=\"width: 610px\" class=\"wp-caption aligncenter\"><img decoding=\"async\" aria-describedby=\"caption-attachment-61331\" class=\"size-medium wp-image-61331\" src=\"https:\/\/www.radiosanctispiritus.cu\/es\/wp-content\/uploads\/A-este-Centro-se-suma-la-operadora-virtual-por-Messenger.-Foto-Yosdany-Morejon-600x276.jpg\" alt=\"\" width=\"600\" height=\"276\" srcset=\"https:\/\/www.radiosanctispiritus.cu\/es\/wp-content\/uploads\/A-este-Centro-se-suma-la-operadora-virtual-por-Messenger.-Foto-Yosdany-Morejon-600x276.jpg 600w, https:\/\/www.radiosanctispiritus.cu\/es\/wp-content\/uploads\/A-este-Centro-se-suma-la-operadora-virtual-por-Messenger.-Foto-Yosdany-Morejon-1024x471.jpg 1024w, https:\/\/www.radiosanctispiritus.cu\/es\/wp-content\/uploads\/A-este-Centro-se-suma-la-operadora-virtual-por-Messenger.-Foto-Yosdany-Morejon-768x353.jpg 768w, https:\/\/www.radiosanctispiritus.cu\/es\/wp-content\/uploads\/A-este-Centro-se-suma-la-operadora-virtual-por-Messenger.-Foto-Yosdany-Morejon-1536x707.jpg 1536w, https:\/\/www.radiosanctispiritus.cu\/es\/wp-content\/uploads\/A-este-Centro-se-suma-la-operadora-virtual-por-Messenger.-Foto-Yosdany-Morejon-2048x942.jpg 2048w\" sizes=\"(max-width: 600px) 100vw, 600px\" \/><p id=\"caption-attachment-61331\" class=\"wp-caption-text\">A este Centro se suma la operadora virtual por Messenger.<\/p><\/div>\n<p>Las plataformas digitales transformaron tambi\u00e9n la atenci\u00f3n al cliente. Sancti Sp\u00edritus fue la primera empresa el\u00e9ctrica del pa\u00eds en abrir un canal institucional en Telegramque lleg\u00f3 a superar los 100 000 seguidores. Con el tiempo, por preferencias de uso y conectividad, parte del p\u00fablico migr\u00f3 hacia WhatsApp, donde hoy funciona otro canal oficial. A ello se suma la operadora virtual por Messenger.<\/p>\n<p>Detr\u00e1s de la palabra \u201cvirtual\u201d no hay automatismo: hay otra persona. Atiende consultas escritas durante las 24 horas, orienta sobre facturaci\u00f3n, oficinas, horarios de apagones,ampliaciones de capacidad y acceso a informaci\u00f3n general. Los nuevos canales no sustituyen al 18888, lo complementan. Permiten aliviar la congesti\u00f3n telef\u00f3nica y mantener el v\u00ednculo con quienes prefieren comunicarse por datos.<\/p>\n<p>UNA D\u00c9CADA Y UN R\u00c9CORD<\/p>\n<div id=\"attachment_61326\" style=\"width: 610px\" class=\"wp-caption aligncenter\"><img decoding=\"async\" aria-describedby=\"caption-attachment-61326\" class=\"size-medium wp-image-61326\" src=\"https:\/\/www.radiosanctispiritus.cu\/es\/wp-content\/uploads\/El-2025-marco-dos-hitos-una-decada-del-Centro-de-Atencion-Telefonica-de-la-EESS-y-el-record-historico-de-llamadas.-Foto-Yosdany-Morejon-Copy-600x276.jpg\" alt=\"\" width=\"600\" height=\"276\" srcset=\"https:\/\/www.radiosanctispiritus.cu\/es\/wp-content\/uploads\/El-2025-marco-dos-hitos-una-decada-del-Centro-de-Atencion-Telefonica-de-la-EESS-y-el-record-historico-de-llamadas.-Foto-Yosdany-Morejon-Copy-600x276.jpg 600w, https:\/\/www.radiosanctispiritus.cu\/es\/wp-content\/uploads\/El-2025-marco-dos-hitos-una-decada-del-Centro-de-Atencion-Telefonica-de-la-EESS-y-el-record-historico-de-llamadas.-Foto-Yosdany-Morejon-Copy-1024x471.jpg 1024w, https:\/\/www.radiosanctispiritus.cu\/es\/wp-content\/uploads\/El-2025-marco-dos-hitos-una-decada-del-Centro-de-Atencion-Telefonica-de-la-EESS-y-el-record-historico-de-llamadas.-Foto-Yosdany-Morejon-Copy-768x353.jpg 768w, https:\/\/www.radiosanctispiritus.cu\/es\/wp-content\/uploads\/El-2025-marco-dos-hitos-una-decada-del-Centro-de-Atencion-Telefonica-de-la-EESS-y-el-record-historico-de-llamadas.-Foto-Yosdany-Morejon-Copy-1536x707.jpg 1536w, https:\/\/www.radiosanctispiritus.cu\/es\/wp-content\/uploads\/El-2025-marco-dos-hitos-una-decada-del-Centro-de-Atencion-Telefonica-de-la-EESS-y-el-record-historico-de-llamadas.-Foto-Yosdany-Morejon-Copy-2048x942.jpg 2048w\" sizes=\"(max-width: 600px) 100vw, 600px\" \/><p id=\"caption-attachment-61326\" class=\"wp-caption-text\">El 2025 marc\u00f3 dos hitos, una d\u00e9cada del Centro de Atenci\u00f3n Telef\u00f3nica de la EESS y el r\u00e9cord hist\u00f3rico de llamadas.<\/p><\/div>\n<p>El 2025 marc\u00f3 dos hitos: una d\u00e9cada del Centro de Atenci\u00f3n Telef\u00f3nica de la EESS y el r\u00e9cord hist\u00f3rico de llamadas. Tambi\u00e9n marc\u00f3 madurez profesional, desarrollo de nuevas v\u00edas de comunicaci\u00f3n, fortalecimiento institucional y una certeza compartida: el 18888 se convirti\u00f3 en servicio p\u00fablico muy demandado, a ra\u00edz del aumento de los apagones.<\/p>\n<p>\u201cEn 10 a\u00f1os, m\u00e1s de 130 personas se han formado en este espacio. Aqu\u00ed se aprende t\u00e9cnica, pero tambi\u00e9n paciencia y empat\u00eda\u201d, comenta Mirelis Bernal Garc\u00eda, directora de la Unidad Empresarial de Base (UEB) Atenci\u00f3n al Cliente.<\/p>\n<p>Ella eval\u00faa el a\u00f1o anterior como uno de consolidaci\u00f3n de la estrategia comunicacional de la empresa. \u201cSe fortalecieron los canales en redes sociales, las oficinas presenciales y el propio 18888; se abri\u00f3 el canal de WhatsApp y se sostuvo el de Telegram; se lanz\u00f3 la operadora virtual por Messenger y estuvieron activos todos los espacios de atenci\u00f3n a la poblaci\u00f3n\u201d, afirma.<\/p>\n<p>Para 2026, el prop\u00f3sito es claro: continuar potenciando la comunicaci\u00f3n institucional desde lo visual, lo comunitario y lo organizacional; mantener abiertos todos los canales de interacci\u00f3n; acompa\u00f1ar a la poblaci\u00f3n con informaci\u00f3n oportuna y servicios accesibles. El 18888, que empez\u00f3 como un n\u00famero corto, se convirti\u00f3 en una voz larga y permanente en la vida espirituana.<\/p>\n","protected":false},"excerpt":{"rendered":"<p>Durante 2025, el Centro de Atenci\u00f3n Telef\u00f3nica de la Empresa El\u00e9ctrica Sancti Sp\u00edritus recibi\u00f3 m\u00e1s de un mill\u00f3n de llamadas, cifra r\u00e9cord desde su creaci\u00f3n hace 10 a\u00f1os.<\/p>\n","protected":false},"author":29,"featured_media":61334,"comment_status":"open","ping_status":"open","sticky":false,"template":"","format":"standard","meta":{"_acf_changed":false,"footnotes":""},"categories":[9,16,8,1],"tags":[1654,391],"coauthors":[1856],"class_list":["post-61304","post","type-post","status-publish","format-standard","has-post-thumbnail","hentry","category-en-audio","category-economia","category-noticia","category-sancti-spiritus","tag-dia-del-trabajador-electrico","tag-empresa-electrica"],"acf":[],"_links":{"self":[{"href":"https:\/\/www.radiosanctispiritus.cu\/es\/wp-json\/wp\/v2\/posts\/61304","targetHints":{"allow":["GET"]}}],"collection":[{"href":"https:\/\/www.radiosanctispiritus.cu\/es\/wp-json\/wp\/v2\/posts"}],"about":[{"href":"https:\/\/www.radiosanctispiritus.cu\/es\/wp-json\/wp\/v2\/types\/post"}],"author":[{"embeddable":true,"href":"https:\/\/www.radiosanctispiritus.cu\/es\/wp-json\/wp\/v2\/users\/29"}],"replies":[{"embeddable":true,"href":"https:\/\/www.radiosanctispiritus.cu\/es\/wp-json\/wp\/v2\/comments?post=61304"}],"version-history":[{"count":5,"href":"https:\/\/www.radiosanctispiritus.cu\/es\/wp-json\/wp\/v2\/posts\/61304\/revisions"}],"predecessor-version":[{"id":61394,"href":"https:\/\/www.radiosanctispiritus.cu\/es\/wp-json\/wp\/v2\/posts\/61304\/revisions\/61394"}],"wp:featuredmedia":[{"embeddable":true,"href":"https:\/\/www.radiosanctispiritus.cu\/es\/wp-json\/wp\/v2\/media\/61334"}],"wp:attachment":[{"href":"https:\/\/www.radiosanctispiritus.cu\/es\/wp-json\/wp\/v2\/media?parent=61304"}],"wp:term":[{"taxonomy":"category","embeddable":true,"href":"https:\/\/www.radiosanctispiritus.cu\/es\/wp-json\/wp\/v2\/categories?post=61304"},{"taxonomy":"post_tag","embeddable":true,"href":"https:\/\/www.radiosanctispiritus.cu\/es\/wp-json\/wp\/v2\/tags?post=61304"},{"taxonomy":"author","embeddable":true,"href":"https:\/\/www.radiosanctispiritus.cu\/es\/wp-json\/wp\/v2\/coauthors?post=61304"}],"curies":[{"name":"wp","href":"https:\/\/api.w.org\/{rel}","templated":true}]}}