{"id":61298,"date":"2026-01-13T23:52:43","date_gmt":"2026-01-14T04:52:43","guid":{"rendered":"https:\/\/www.radiosanctispiritus.cu\/es\/?p=61298"},"modified":"2026-01-14T12:35:52","modified_gmt":"2026-01-14T17:35:52","slug":"centro-psicopedagogico-de-sancti-spiritus-agasaja-a-empresas-que-intervinieron-en-su-reparacion","status":"publish","type":"post","link":"https:\/\/www.radiosanctispiritus.cu\/es\/centro-psicopedagogico-de-sancti-spiritus-agasaja-a-empresas-que-intervinieron-en-su-reparacion\/","title":{"rendered":"Centro Psicopedag\u00f3gico espirituano agasaja a empresas que ayudaron a su reparaci\u00f3n\u00a0"},"content":{"rendered":"<p>El Centro Psicopedag\u00f3gico Reparador de Sue\u00f1os, de Sancti Sp\u00edritus, se visti\u00f3 de gala para agasajar a las empresas que dieron su aporte para la reparaci\u00f3n de las 16 salas de la instalaci\u00f3n.<\/p>\n<p>En nombre del colectivo, la directora Isbel Zayas Obreg\u00f3n aprovech\u00f3 el momento para hacer p\u00fablica su gratitud a las entidades involucradas para contribuir al bienestar y en confort de los residentes.<\/p>\n<p>\u201cAgradecemos infinitamente a la Empresa Agroindustrial Sur del J\u00edbaro, Tabacuba, la Empresa Porcina, Suministros Agropecuarios, Agroindustrial Sancti Sp\u00edritus, Agroindustrial Obdulio Morales, Pecuaria Venegas, Tabaco Torcido y la Pecuaria Managuaco\u201d, precis\u00f3.<\/p>\n<p>La ceremonia cont\u00f3 con la presencia de Deivy P\u00e9rez Mart\u00edn, miembro del comit\u00e9 Central y primera secretaria del Partido en Sancti Sp\u00edritus, el gobernador de la provincia Alexis Lorente Jim\u00e9nez y otras autoridades.<\/p>\n<p>\u201cHay que generalizar estas experiencias. \u00a1Cu\u00e1ntos m\u00e1s no est\u00e1n dispuestos a aportar en un escenario tan complejo donde realmente el presupuesto del pa\u00eds no lo puede asumir! Y hoy, con el resultado de las utilidades, con el esfuerzo, con la voluntad, con el ajuste, con la racionalidad y m\u00e1s que todo con la voluntad, que siempre sobra en Sancti Sp\u00edritus, hemos podido mejorar las condiciones de esta instituci\u00f3n\u201d, asegur\u00f3 Deivy P\u00e9rez Mart\u00edn.<\/p>\n<p>La jornada concluy\u00f3 entre canciones, bailes y aplausos para agradecer no solo la entrega material sino el amor, la dedicaci\u00f3n, el compromiso y la incondicionalidad con quienes m\u00e1s lo necesitan.<\/p>\n","protected":false},"excerpt":{"rendered":"<p>El Centro Psicopedag\u00f3gico Reparador de Sue\u00f1os, de Sancti Sp\u00edritus, se visti\u00f3 de gala para agasajar a las empresas que dieron su aporte para la reparaci\u00f3n de las 16 salas de la instalaci\u00f3n.\u00a0<\/p>\n","protected":false},"author":4,"featured_media":61317,"comment_status":"open","ping_status":"open","sticky":false,"template":"","format":"standard","meta":{"_acf_changed":false,"footnotes":""},"categories":[8,5,1],"tags":[2109,44],"coauthors":[1883],"class_list":["post-61298","post","type-post","status-publish","format-standard","has-post-thumbnail","hentry","category-noticia","category-salud","category-sancti-spiritus","tag-centro-psicopedagogico","tag-deivy-perez-martin"],"acf":[],"_links":{"self":[{"href":"https:\/\/www.radiosanctispiritus.cu\/es\/wp-json\/wp\/v2\/posts\/61298","targetHints":{"allow":["GET"]}}],"collection":[{"href":"https:\/\/www.radiosanctispiritus.cu\/es\/wp-json\/wp\/v2\/posts"}],"about":[{"href":"https:\/\/www.radiosanctispiritus.cu\/es\/wp-json\/wp\/v2\/types\/post"}],"author":[{"embeddable":true,"href":"https:\/\/www.radiosanctispiritus.cu\/es\/wp-json\/wp\/v2\/users\/4"}],"replies":[{"embeddable":true,"href":"https:\/\/www.radiosanctispiritus.cu\/es\/wp-json\/wp\/v2\/comments?post=61298"}],"version-history":[{"count":5,"href":"https:\/\/www.radiosanctispiritus.cu\/es\/wp-json\/wp\/v2\/posts\/61298\/revisions"}],"predecessor-version":[{"id":61397,"href":"https:\/\/www.radiosanctispiritus.cu\/es\/wp-json\/wp\/v2\/posts\/61298\/revisions\/61397"}],"wp:featuredmedia":[{"embeddable":true,"href":"https:\/\/www.radiosanctispiritus.cu\/es\/wp-json\/wp\/v2\/media\/61317"}],"wp:attachment":[{"href":"https:\/\/www.radiosanctispiritus.cu\/es\/wp-json\/wp\/v2\/media?parent=61298"}],"wp:term":[{"taxonomy":"category","embeddable":true,"href":"https:\/\/www.radiosanctispiritus.cu\/es\/wp-json\/wp\/v2\/categories?post=61298"},{"taxonomy":"post_tag","embeddable":true,"href":"https:\/\/www.radiosanctispiritus.cu\/es\/wp-json\/wp\/v2\/tags?post=61298"},{"taxonomy":"author","embeddable":true,"href":"https:\/\/www.radiosanctispiritus.cu\/es\/wp-json\/wp\/v2\/coauthors?post=61298"}],"curies":[{"name":"wp","href":"https:\/\/api.w.org\/{rel}","templated":true}]}}