{"id":61290,"date":"2026-01-13T16:06:51","date_gmt":"2026-01-13T21:06:51","guid":{"rendered":"https:\/\/www.radiosanctispiritus.cu\/es\/?p=61290"},"modified":"2026-01-13T16:09:55","modified_gmt":"2026-01-13T21:09:55","slug":"elegido-nuevo-primer-secretario-del-partido-en-taguasco","status":"publish","type":"post","link":"https:\/\/www.radiosanctispiritus.cu\/es\/elegido-nuevo-primer-secretario-del-partido-en-taguasco\/","title":{"rendered":"Elegido nuevo primer secretario del Partido en Taguasco"},"content":{"rendered":"<p style=\"padding-left: 80px; text-align: left;\">El Pleno del Comit\u00e9 Municipal del Partido en Taguasco acord\u00f3 liberar a la compa\u00f1era Yanuaria Sehara Hern\u00e1ndez de sus funciones como primera secretaria. La compa\u00f1era asumir\u00e1 nuevas responsabilidades de direcci\u00f3n dentro de la organizaci\u00f3n partidista a otras instancias.<\/p>\n<p>Para continuar impulsando el trabajo partidista en esa localidad, fue promovido el compa\u00f1ero Aliens Eugenio Vera L\u00f3pez, quien se desempe\u00f1aba como miembro del Bur\u00f3 Municipal de la organizaci\u00f3n en Cabaigu\u00e1n.<\/p>\n<p>Vera L\u00f3pez es graduado de Cultura F\u00edsica y Especialista en Direcci\u00f3n Pol\u00edtica. Con una amplia experiencia como cuadro pol\u00edtico, fue cuadro profesional de la Uni\u00f3n de J\u00f3venes Comunistas durante 12 a\u00f1os, llegando a ser su Primer Secretario y promovido en el a\u00f1o 2019 a la organizaci\u00f3n de vanguardia en el municipio Cabaigu\u00e1n, donde transit\u00f3 por varias responsabilidades, incluyendo dos en el Bur\u00f3 Municipal (Consumo y Servicios y Pol\u00edtico-Ideol\u00f3gico).<\/p>\n<p>Estos movimientos garantizan la continuidad hist\u00f3rica de la Revoluci\u00f3n y el protagonismo de sus cuadros en la construcci\u00f3n de una sociedad m\u00e1s justa. Igualmente reafirman la voluntad del Partido de continuar perfeccionando su labor en todos los niveles.<\/p>\n<p>En el Pleno se reconoci\u00f3 la labor desempe\u00f1ada por Yanuaria Sehara Hern\u00e1ndez en la etapa de trabajo.<\/p>\n","protected":false},"excerpt":{"rendered":"<p>El Pleno del Comit\u00e9 Municipal del Partido en Taguasco acord\u00f3 liberar a la compa\u00f1era Yanuaria Sehara Hern\u00e1ndez de sus funciones como primera secretaria. Para continuar impulsando el trabajo partidista en esa localidad, fue promovido el compa\u00f1ero Aliens Eugenio Vera L\u00f3pez.<\/p>\n","protected":false},"author":4,"featured_media":61291,"comment_status":"open","ping_status":"open","sticky":false,"template":"","format":"standard","meta":{"_acf_changed":false,"footnotes":""},"categories":[8,1],"tags":[74,75,301],"coauthors":[1883],"class_list":["post-61290","post","type-post","status-publish","format-standard","has-post-thumbnail","hentry","category-noticia","category-sancti-spiritus","tag-partido-comunista-de-cuba","tag-pcc","tag-taguasco"],"acf":[],"_links":{"self":[{"href":"https:\/\/www.radiosanctispiritus.cu\/es\/wp-json\/wp\/v2\/posts\/61290","targetHints":{"allow":["GET"]}}],"collection":[{"href":"https:\/\/www.radiosanctispiritus.cu\/es\/wp-json\/wp\/v2\/posts"}],"about":[{"href":"https:\/\/www.radiosanctispiritus.cu\/es\/wp-json\/wp\/v2\/types\/post"}],"author":[{"embeddable":true,"href":"https:\/\/www.radiosanctispiritus.cu\/es\/wp-json\/wp\/v2\/users\/4"}],"replies":[{"embeddable":true,"href":"https:\/\/www.radiosanctispiritus.cu\/es\/wp-json\/wp\/v2\/comments?post=61290"}],"version-history":[{"count":4,"href":"https:\/\/www.radiosanctispiritus.cu\/es\/wp-json\/wp\/v2\/posts\/61290\/revisions"}],"predecessor-version":[{"id":61297,"href":"https:\/\/www.radiosanctispiritus.cu\/es\/wp-json\/wp\/v2\/posts\/61290\/revisions\/61297"}],"wp:featuredmedia":[{"embeddable":true,"href":"https:\/\/www.radiosanctispiritus.cu\/es\/wp-json\/wp\/v2\/media\/61291"}],"wp:attachment":[{"href":"https:\/\/www.radiosanctispiritus.cu\/es\/wp-json\/wp\/v2\/media?parent=61290"}],"wp:term":[{"taxonomy":"category","embeddable":true,"href":"https:\/\/www.radiosanctispiritus.cu\/es\/wp-json\/wp\/v2\/categories?post=61290"},{"taxonomy":"post_tag","embeddable":true,"href":"https:\/\/www.radiosanctispiritus.cu\/es\/wp-json\/wp\/v2\/tags?post=61290"},{"taxonomy":"author","embeddable":true,"href":"https:\/\/www.radiosanctispiritus.cu\/es\/wp-json\/wp\/v2\/coauthors?post=61290"}],"curies":[{"name":"wp","href":"https:\/\/api.w.org\/{rel}","templated":true}]}}