{"id":61239,"date":"2026-01-12T18:04:41","date_gmt":"2026-01-12T23:04:41","guid":{"rendered":"https:\/\/www.radiosanctispiritus.cu\/es\/?p=61239"},"modified":"2026-01-12T14:24:31","modified_gmt":"2026-01-12T19:24:31","slug":"cocteleria-cubana-con-epicentro-en-sancti-spiritus-por-estos-dias","status":"publish","type":"post","link":"https:\/\/www.radiosanctispiritus.cu\/es\/cocteleria-cubana-con-epicentro-en-sancti-spiritus-por-estos-dias\/","title":{"rendered":"Cocteler\u00eda cubana con epicentro en Sancti Sp\u00edritus por estos d\u00edas"},"content":{"rendered":"<p>Sancti Sp\u00edritus acoge esta semana la sede nacional de dos grandes competencias que reunir\u00e1n a los mejores cantineros del pa\u00eds en la ciudad cabecera provincial, transformando al Yayabo en epicentro de la cocteler\u00eda cubana.<\/p>\n<p>El bar-cafeter\u00eda El Liana ser\u00e1 escenario este martes del certamen Reinas del bar, en el que destacadas profesionales mostrar\u00e1n talento, creatividad y destreza, con propuestas que combinan tradici\u00f3n y modernidad.<\/p>\n<p>La jornada del mi\u00e9rcoles estar\u00e1 dedicada a la segunda edici\u00f3n de la Copa de Campeones en la propia instalaci\u00f3n de Palmares, con la participaci\u00f3n de experimentados barman del pa\u00eds en un duelo de t\u00e9cnicas, estilos y sabores.<\/p>\n<p><iframe src=\"https:\/\/www.ivoox.com\/player_ej_166531434_6_1.html?c1=7a0d0b\" width=\"100%\" height=\"200\" frameborder=\"0\" scrolling=\"no\" allowfullscreen=\"allowfullscreen\"><\/iframe><\/p>\n","protected":false},"excerpt":{"rendered":"<p>Sancti Sp\u00edritus acoge esta semana la sede nacional de dos grandes competencias que reunir\u00e1n a los mejores cantineros del pa\u00eds en la ciudad cabecera provincial, transformando al Yayabo en epicentro de la cocteler\u00eda cubana.<\/p>\n","protected":false},"author":166,"featured_media":61243,"comment_status":"open","ping_status":"open","sticky":false,"template":"","format":"standard","meta":{"_acf_changed":false,"footnotes":""},"categories":[9,8,1],"tags":[1630,1255],"coauthors":[1901],"class_list":["post-61239","post","type-post","status-publish","format-standard","has-post-thumbnail","hentry","category-en-audio","category-noticia","category-sancti-spiritus","tag-asociacion-de-cantineros","tag-palmares"],"acf":[],"_links":{"self":[{"href":"https:\/\/www.radiosanctispiritus.cu\/es\/wp-json\/wp\/v2\/posts\/61239","targetHints":{"allow":["GET"]}}],"collection":[{"href":"https:\/\/www.radiosanctispiritus.cu\/es\/wp-json\/wp\/v2\/posts"}],"about":[{"href":"https:\/\/www.radiosanctispiritus.cu\/es\/wp-json\/wp\/v2\/types\/post"}],"author":[{"embeddable":true,"href":"https:\/\/www.radiosanctispiritus.cu\/es\/wp-json\/wp\/v2\/users\/166"}],"replies":[{"embeddable":true,"href":"https:\/\/www.radiosanctispiritus.cu\/es\/wp-json\/wp\/v2\/comments?post=61239"}],"version-history":[{"count":5,"href":"https:\/\/www.radiosanctispiritus.cu\/es\/wp-json\/wp\/v2\/posts\/61239\/revisions"}],"predecessor-version":[{"id":61245,"href":"https:\/\/www.radiosanctispiritus.cu\/es\/wp-json\/wp\/v2\/posts\/61239\/revisions\/61245"}],"wp:featuredmedia":[{"embeddable":true,"href":"https:\/\/www.radiosanctispiritus.cu\/es\/wp-json\/wp\/v2\/media\/61243"}],"wp:attachment":[{"href":"https:\/\/www.radiosanctispiritus.cu\/es\/wp-json\/wp\/v2\/media?parent=61239"}],"wp:term":[{"taxonomy":"category","embeddable":true,"href":"https:\/\/www.radiosanctispiritus.cu\/es\/wp-json\/wp\/v2\/categories?post=61239"},{"taxonomy":"post_tag","embeddable":true,"href":"https:\/\/www.radiosanctispiritus.cu\/es\/wp-json\/wp\/v2\/tags?post=61239"},{"taxonomy":"author","embeddable":true,"href":"https:\/\/www.radiosanctispiritus.cu\/es\/wp-json\/wp\/v2\/coauthors?post=61239"}],"curies":[{"name":"wp","href":"https:\/\/api.w.org\/{rel}","templated":true}]}}