{"id":61218,"date":"2026-01-11T16:30:52","date_gmt":"2026-01-11T21:30:52","guid":{"rendered":"https:\/\/www.radiosanctispiritus.cu\/es\/?p=61218"},"modified":"2026-01-11T22:10:34","modified_gmt":"2026-01-12T03:10:34","slug":"asamblea-solemne-festejo-aniversario-512-de-trinidad-de-cuba","status":"publish","type":"post","link":"https:\/\/www.radiosanctispiritus.cu\/es\/asamblea-solemne-festejo-aniversario-512-de-trinidad-de-cuba\/","title":{"rendered":"Asamblea Solemne festej\u00f3 aniversario 512 de Trinidad de Cuba"},"content":{"rendered":"<p>Al centenario del Comandante en Jefe Fidel Castro Ruz estuvo dedicada este domingo la Sesi\u00f3n Solemne de la Asamblea Municipal del Poder Popular por el aniversario 512 de la fundaci\u00f3n de la villa.<\/p>\n<p>En el teatro La Caridad se reunieron los delegados, personalidades e invitados, quienes evocaron el esp\u00edritu del Comandante en Jefe y los entra\u00f1ables lazos que lo unieron siempre a esta ciudad y a los trinitarios, que no desfallecen en el empe\u00f1o de preservar su patrimonio edificado y cultural.<\/p>\n<div id=\"attachment_61224\" style=\"width: 610px\" class=\"wp-caption aligncenter\"><img decoding=\"async\" aria-describedby=\"caption-attachment-61224\" class=\"size-medium wp-image-61224\" src=\"https:\/\/www.radiosanctispiritus.cu\/es\/wp-content\/uploads\/Tdad-q2-600x415.jpg\" alt=\"\" width=\"600\" height=\"415\" srcset=\"https:\/\/www.radiosanctispiritus.cu\/es\/wp-content\/uploads\/Tdad-q2-600x415.jpg 600w, https:\/\/www.radiosanctispiritus.cu\/es\/wp-content\/uploads\/Tdad-q2-1024x708.jpg 1024w, https:\/\/www.radiosanctispiritus.cu\/es\/wp-content\/uploads\/Tdad-q2-768x531.jpg 768w, https:\/\/www.radiosanctispiritus.cu\/es\/wp-content\/uploads\/Tdad-q2-1536x1062.jpg 1536w, https:\/\/www.radiosanctispiritus.cu\/es\/wp-content\/uploads\/Tdad-q2-2048x1416.jpg 2048w\" sizes=\"(max-width: 600px) 100vw, 600px\" \/><p id=\"caption-attachment-61224\" class=\"wp-caption-text\">Magalis de Jes\u00fas Ram\u00edrez Placeres (D), maestra artesana con una larga trayectoria en el \u00f3rgano de gobierno, como delegada, presidenta del Consejo Popular la Pur\u00edsima y diputada al Parlamento Cubano, recibi\u00f3 el Premio \u00danico de las Artes.<\/p><\/div>\n<p>Acompa\u00f1ada de preciados s\u00edmbolos de la historia local, del canto de las tonadas y de otros artistas, la Asamblea acord\u00f3 entregar el Premio \u00danico de las Artes a Magalis de Jes\u00fas Ram\u00edrez Placeres, maestra artesana con una larga trayectoria en el \u00f3rgano de gobierno, como delegada y presidenta del Consejo Popular la Pur\u00edsima y, adem\u00e1s, diputada.<\/p>\n<div id=\"attachment_61225\" style=\"width: 610px\" class=\"wp-caption aligncenter\"><img decoding=\"async\" aria-describedby=\"caption-attachment-61225\" class=\"size-medium wp-image-61225\" src=\"https:\/\/www.radiosanctispiritus.cu\/es\/wp-content\/uploads\/Tdad-q4-600x438.jpg\" alt=\"\" width=\"600\" height=\"438\" srcset=\"https:\/\/www.radiosanctispiritus.cu\/es\/wp-content\/uploads\/Tdad-q4-600x438.jpg 600w, https:\/\/www.radiosanctispiritus.cu\/es\/wp-content\/uploads\/Tdad-q4-1024x748.jpg 1024w, https:\/\/www.radiosanctispiritus.cu\/es\/wp-content\/uploads\/Tdad-q4-768x561.jpg 768w, https:\/\/www.radiosanctispiritus.cu\/es\/wp-content\/uploads\/Tdad-q4-1536x1121.jpg 1536w, https:\/\/www.radiosanctispiritus.cu\/es\/wp-content\/uploads\/Tdad-q4-2048x1495.jpg 2048w\" sizes=\"(max-width: 600px) 100vw, 600px\" \/><p id=\"caption-attachment-61225\" class=\"wp-caption-text\">El sector de la Educaci\u00f3n del municipio recibi\u00f3 la R\u00e9plica de la Torre de Manaca Iznaga.<\/p><\/div>\n<p>La Sesi\u00f3n Solemne entreg\u00f3, asimismo, la r\u00e9plica de la Torre de Manaca Iznaga, uno de los s\u00edmbolos de Trinidad, a la Direcci\u00f3n Municipal de Educaci\u00f3n, con resultados positivos durante la \u00faltima etapa de trabajo.<\/p>\n<div id=\"attachment_61226\" style=\"width: 610px\" class=\"wp-caption aligncenter\"><img decoding=\"async\" aria-describedby=\"caption-attachment-61226\" class=\"size-medium wp-image-61226\" src=\"https:\/\/www.radiosanctispiritus.cu\/es\/wp-content\/uploads\/Tdad-q6-600x459.jpg\" alt=\"\" width=\"600\" height=\"459\" srcset=\"https:\/\/www.radiosanctispiritus.cu\/es\/wp-content\/uploads\/Tdad-q6-600x459.jpg 600w, https:\/\/www.radiosanctispiritus.cu\/es\/wp-content\/uploads\/Tdad-q6-1024x783.jpg 1024w, https:\/\/www.radiosanctispiritus.cu\/es\/wp-content\/uploads\/Tdad-q6-768x587.jpg 768w, https:\/\/www.radiosanctispiritus.cu\/es\/wp-content\/uploads\/Tdad-q6-1536x1175.jpg 1536w, https:\/\/www.radiosanctispiritus.cu\/es\/wp-content\/uploads\/Tdad-q6-2048x1566.jpg 2048w\" sizes=\"(max-width: 600px) 100vw, 600px\" \/><p id=\"caption-attachment-61226\" class=\"wp-caption-text\">Deivy P\u00e9rez Mart\u00edn, miembro del Comit\u00e9 Central del Partido Comunista de Cuba y su primera secretaria en la provincia, durante la clausura de la Asamblea Solemne.<\/p><\/div>\n<p>Al intervenir en la Asamblea, Deivy P\u00e9rez Mart\u00edn, miembro del Comit\u00e9 Central del Partido y su primera secretaria en la provincia, resalt\u00f3 el orgullo y tradici\u00f3n patri\u00f3tica de los habitantes de esta ciudad que, m\u00e1s all\u00e1 de evocar un acto fundacional, simboliza la continuidad de un esp\u00edritu que ha sobrevivido a guerras, crisis y transformaciones gracias a hombres y mujeres que han puesto todo su empe\u00f1o en el quehacer diario.<\/p>\n<div id=\"attachment_61227\" style=\"width: 610px\" class=\"wp-caption aligncenter\"><img decoding=\"async\" aria-describedby=\"caption-attachment-61227\" class=\"size-medium wp-image-61227\" src=\"https:\/\/www.radiosanctispiritus.cu\/es\/wp-content\/uploads\/Tdad-q5-600x420.jpg\" alt=\"\" width=\"600\" height=\"420\" srcset=\"https:\/\/www.radiosanctispiritus.cu\/es\/wp-content\/uploads\/Tdad-q5-600x420.jpg 600w, https:\/\/www.radiosanctispiritus.cu\/es\/wp-content\/uploads\/Tdad-q5-1024x716.jpg 1024w, https:\/\/www.radiosanctispiritus.cu\/es\/wp-content\/uploads\/Tdad-q5-768x537.jpg 768w, https:\/\/www.radiosanctispiritus.cu\/es\/wp-content\/uploads\/Tdad-q5-1536x1075.jpg 1536w, https:\/\/www.radiosanctispiritus.cu\/es\/wp-content\/uploads\/Tdad-q5-2048x1433.jpg 2048w\" sizes=\"(max-width: 600px) 100vw, 600px\" \/><p id=\"caption-attachment-61227\" class=\"wp-caption-text\">La sesi\u00f3n fue tambi\u00e9n un canto a Fidel.<\/p><\/div>\n<p><iframe src=\"https:\/\/www.ivoox.com\/player_ej_166464012_6_1.html\" width=\"100%\" height=\"200\" frameborder=\"0\" scrolling=\"no\" allowfullscreen=\"allowfullscreen\"><\/iframe><\/p>\n<div id=\"attachment_61228\" style=\"width: 610px\" class=\"wp-caption aligncenter\"><img decoding=\"async\" aria-describedby=\"caption-attachment-61228\" class=\"size-medium wp-image-61228\" src=\"https:\/\/www.radiosanctispiritus.cu\/es\/wp-content\/uploads\/Tdad-q3-600x411.jpg\" alt=\"\" width=\"600\" height=\"411\" srcset=\"https:\/\/www.radiosanctispiritus.cu\/es\/wp-content\/uploads\/Tdad-q3-600x411.jpg 600w, https:\/\/www.radiosanctispiritus.cu\/es\/wp-content\/uploads\/Tdad-q3-1024x701.jpg 1024w, https:\/\/www.radiosanctispiritus.cu\/es\/wp-content\/uploads\/Tdad-q3-768x526.jpg 768w, https:\/\/www.radiosanctispiritus.cu\/es\/wp-content\/uploads\/Tdad-q3-1536x1052.jpg 1536w, https:\/\/www.radiosanctispiritus.cu\/es\/wp-content\/uploads\/Tdad-q3-2048x1403.jpg 2048w\" sizes=\"(max-width: 600px) 100vw, 600px\" \/><p id=\"caption-attachment-61228\" class=\"wp-caption-text\">A trav\u00e9s del arte lleg\u00f3 el tributo a Fidel.<\/p><\/div>\n","protected":false},"excerpt":{"rendered":"<p>Al centenario del Comandante en Jefe Fidel Castro Ruz estuvo dedicada este domingo la Sesi\u00f3n Solemne de la Asamblea Municipal del Poder Popular por el aniversario 512 de la fundaci\u00f3n de la villa.<\/p>\n","protected":false},"author":23,"featured_media":61223,"comment_status":"open","ping_status":"open","sticky":false,"template":"","format":"standard","meta":{"_acf_changed":false,"footnotes":""},"categories":[8,9,11,1],"tags":[1053,1545,44,54],"coauthors":[1899],"class_list":["post-61218","post","type-post","status-publish","format-standard","has-post-thumbnail","hentry","category-noticia","category-en-audio","category-fotorreportaje","category-sancti-spiritus","tag-alexis-lorente","tag-asamblea-municipal-del-poder-popular-de-trinidad","tag-deivy-perez-martin","tag-trinidad-de-cuba"],"acf":[],"_links":{"self":[{"href":"https:\/\/www.radiosanctispiritus.cu\/es\/wp-json\/wp\/v2\/posts\/61218","targetHints":{"allow":["GET"]}}],"collection":[{"href":"https:\/\/www.radiosanctispiritus.cu\/es\/wp-json\/wp\/v2\/posts"}],"about":[{"href":"https:\/\/www.radiosanctispiritus.cu\/es\/wp-json\/wp\/v2\/types\/post"}],"author":[{"embeddable":true,"href":"https:\/\/www.radiosanctispiritus.cu\/es\/wp-json\/wp\/v2\/users\/23"}],"replies":[{"embeddable":true,"href":"https:\/\/www.radiosanctispiritus.cu\/es\/wp-json\/wp\/v2\/comments?post=61218"}],"version-history":[{"count":4,"href":"https:\/\/www.radiosanctispiritus.cu\/es\/wp-json\/wp\/v2\/posts\/61218\/revisions"}],"predecessor-version":[{"id":61229,"href":"https:\/\/www.radiosanctispiritus.cu\/es\/wp-json\/wp\/v2\/posts\/61218\/revisions\/61229"}],"wp:featuredmedia":[{"embeddable":true,"href":"https:\/\/www.radiosanctispiritus.cu\/es\/wp-json\/wp\/v2\/media\/61223"}],"wp:attachment":[{"href":"https:\/\/www.radiosanctispiritus.cu\/es\/wp-json\/wp\/v2\/media?parent=61218"}],"wp:term":[{"taxonomy":"category","embeddable":true,"href":"https:\/\/www.radiosanctispiritus.cu\/es\/wp-json\/wp\/v2\/categories?post=61218"},{"taxonomy":"post_tag","embeddable":true,"href":"https:\/\/www.radiosanctispiritus.cu\/es\/wp-json\/wp\/v2\/tags?post=61218"},{"taxonomy":"author","embeddable":true,"href":"https:\/\/www.radiosanctispiritus.cu\/es\/wp-json\/wp\/v2\/coauthors?post=61218"}],"curies":[{"name":"wp","href":"https:\/\/api.w.org\/{rel}","templated":true}]}}