{"id":61189,"date":"2026-01-11T05:28:56","date_gmt":"2026-01-11T10:28:56","guid":{"rendered":"https:\/\/www.radiosanctispiritus.cu\/es\/?p=61189"},"modified":"2026-01-10T22:46:45","modified_gmt":"2026-01-11T03:46:45","slug":"una-ciudad-despierta-en-el-tiempo","status":"publish","type":"post","link":"https:\/\/www.radiosanctispiritus.cu\/es\/una-ciudad-despierta-en-el-tiempo\/","title":{"rendered":"Una ciudad despierta en el tiempo"},"content":{"rendered":"<p>La urbe se empina, sus tejados rojos iluminan cada palmo de la a\u00f1eja urbe. Abraza sus 512 a\u00f1os. Lo viven sus calles empedradas, sus rejas, sus portones, sus aldabas, aljibes.<\/p>\n<div id=\"attachment_61194\" style=\"width: 610px\" class=\"wp-caption aligncenter\"><img decoding=\"async\" aria-describedby=\"caption-attachment-61194\" class=\"size-medium wp-image-61194\" src=\"https:\/\/www.radiosanctispiritus.cu\/es\/wp-content\/uploads\/Tdad-512-OAS-2-600x418.jpg\" alt=\"\" width=\"600\" height=\"418\" srcset=\"https:\/\/www.radiosanctispiritus.cu\/es\/wp-content\/uploads\/Tdad-512-OAS-2-600x418.jpg 600w, https:\/\/www.radiosanctispiritus.cu\/es\/wp-content\/uploads\/Tdad-512-OAS-2-1024x714.jpg 1024w, https:\/\/www.radiosanctispiritus.cu\/es\/wp-content\/uploads\/Tdad-512-OAS-2-768x535.jpg 768w, https:\/\/www.radiosanctispiritus.cu\/es\/wp-content\/uploads\/Tdad-512-OAS-2-1536x1071.jpg 1536w, https:\/\/www.radiosanctispiritus.cu\/es\/wp-content\/uploads\/Tdad-512-OAS-2-2048x1428.jpg 2048w\" sizes=\"(max-width: 600px) 100vw, 600px\" \/><p id=\"caption-attachment-61194\" class=\"wp-caption-text\">Trinidad abraza sus 512 a\u00f1os.<\/p><\/div>\n<p>Lo matizan los aromas de la cocina de donde se revelan los caldos, los potajes, abrazados por el culantro, aj\u00edes, hierba buena, a la usanza de las maneras africanas y espa\u00f1olas de tentar los paladares.<\/p>\n<p>M\u00e1s de cinco siglos y ah\u00ed est\u00e1, altiva, presta al beso, al abrazo, a las m\u00e1s diversas miradas.<\/p>\n<div id=\"attachment_61195\" style=\"width: 610px\" class=\"wp-caption aligncenter\"><img decoding=\"async\" aria-describedby=\"caption-attachment-61195\" class=\"size-medium wp-image-61195\" src=\"https:\/\/www.radiosanctispiritus.cu\/es\/wp-content\/uploads\/Tdad-512-OAS-3-600x407.jpg\" alt=\"\" width=\"600\" height=\"407\" srcset=\"https:\/\/www.radiosanctispiritus.cu\/es\/wp-content\/uploads\/Tdad-512-OAS-3-600x407.jpg 600w, https:\/\/www.radiosanctispiritus.cu\/es\/wp-content\/uploads\/Tdad-512-OAS-3-1024x695.jpg 1024w, https:\/\/www.radiosanctispiritus.cu\/es\/wp-content\/uploads\/Tdad-512-OAS-3-768x521.jpg 768w, https:\/\/www.radiosanctispiritus.cu\/es\/wp-content\/uploads\/Tdad-512-OAS-3-1536x1043.jpg 1536w, https:\/\/www.radiosanctispiritus.cu\/es\/wp-content\/uploads\/Tdad-512-OAS-3-2048x1391.jpg 2048w\" sizes=\"(max-width: 600px) 100vw, 600px\" \/><p id=\"caption-attachment-61195\" class=\"wp-caption-text\">Las a\u00f1ejas tradiciones muestran hoy la vitalidad multiplicada.<\/p><\/div>\n<p>Lleva la corona del tiempo intacta, brillante, tentadora-<\/p>\n<p>Es esa, la Trinidad de Cuba, que entre sus monta\u00f1as y el mar dibuja los m\u00e1s incre\u00edbles escenarios.<\/p>\n<div id=\"attachment_61196\" style=\"width: 610px\" class=\"wp-caption aligncenter\"><img decoding=\"async\" aria-describedby=\"caption-attachment-61196\" class=\"size-medium wp-image-61196\" src=\"https:\/\/www.radiosanctispiritus.cu\/es\/wp-content\/uploads\/Tdad-512-OAS-4-600x483.jpg\" alt=\"\" width=\"600\" height=\"483\" srcset=\"https:\/\/www.radiosanctispiritus.cu\/es\/wp-content\/uploads\/Tdad-512-OAS-4-600x483.jpg 600w, https:\/\/www.radiosanctispiritus.cu\/es\/wp-content\/uploads\/Tdad-512-OAS-4-1024x824.jpg 1024w, https:\/\/www.radiosanctispiritus.cu\/es\/wp-content\/uploads\/Tdad-512-OAS-4-768x618.jpg 768w, https:\/\/www.radiosanctispiritus.cu\/es\/wp-content\/uploads\/Tdad-512-OAS-4-1536x1235.jpg 1536w, https:\/\/www.radiosanctispiritus.cu\/es\/wp-content\/uploads\/Tdad-512-OAS-4-2048x1647.jpg 2048w\" sizes=\"(max-width: 600px) 100vw, 600px\" \/><p id=\"caption-attachment-61196\" class=\"wp-caption-text\">En cualquier espacio, Trinidad regala sus creaciones milenarias.<\/p><\/div>\n<div id=\"attachment_61197\" style=\"width: 610px\" class=\"wp-caption aligncenter\"><img decoding=\"async\" aria-describedby=\"caption-attachment-61197\" class=\"size-medium wp-image-61197\" src=\"https:\/\/www.radiosanctispiritus.cu\/es\/wp-content\/uploads\/Tdad-512-OAS-5-600x439.jpg\" alt=\"\" width=\"600\" height=\"439\" srcset=\"https:\/\/www.radiosanctispiritus.cu\/es\/wp-content\/uploads\/Tdad-512-OAS-5-600x439.jpg 600w, https:\/\/www.radiosanctispiritus.cu\/es\/wp-content\/uploads\/Tdad-512-OAS-5-1024x749.jpg 1024w, https:\/\/www.radiosanctispiritus.cu\/es\/wp-content\/uploads\/Tdad-512-OAS-5-768x561.jpg 768w, https:\/\/www.radiosanctispiritus.cu\/es\/wp-content\/uploads\/Tdad-512-OAS-5-1536x1123.jpg 1536w, https:\/\/www.radiosanctispiritus.cu\/es\/wp-content\/uploads\/Tdad-512-OAS-5-2048x1497.jpg 2048w\" sizes=\"(max-width: 600px) 100vw, 600px\" \/><p id=\"caption-attachment-61197\" class=\"wp-caption-text\">Trinidad, una ciudad que vive.<\/p><\/div>\n<div id=\"attachment_61198\" style=\"width: 610px\" class=\"wp-caption aligncenter\"><img decoding=\"async\" aria-describedby=\"caption-attachment-61198\" class=\"size-medium wp-image-61198\" src=\"https:\/\/www.radiosanctispiritus.cu\/es\/wp-content\/uploads\/Tdad-512-OAS-6-600x426.jpg\" alt=\"\" width=\"600\" height=\"426\" srcset=\"https:\/\/www.radiosanctispiritus.cu\/es\/wp-content\/uploads\/Tdad-512-OAS-6-600x426.jpg 600w, https:\/\/www.radiosanctispiritus.cu\/es\/wp-content\/uploads\/Tdad-512-OAS-6-1024x727.jpg 1024w, https:\/\/www.radiosanctispiritus.cu\/es\/wp-content\/uploads\/Tdad-512-OAS-6-768x546.jpg 768w, https:\/\/www.radiosanctispiritus.cu\/es\/wp-content\/uploads\/Tdad-512-OAS-6-1536x1091.jpg 1536w, https:\/\/www.radiosanctispiritus.cu\/es\/wp-content\/uploads\/Tdad-512-OAS-6-2048x1455.jpg 2048w\" sizes=\"(max-width: 600px) 100vw, 600px\" \/><p id=\"caption-attachment-61198\" class=\"wp-caption-text\">Trinidad, hoy, entre el embrujo de sus calles y su gente.<\/p><\/div>\n<div id=\"attachment_61199\" style=\"width: 610px\" class=\"wp-caption aligncenter\"><img decoding=\"async\" aria-describedby=\"caption-attachment-61199\" class=\"size-medium wp-image-61199\" src=\"https:\/\/www.radiosanctispiritus.cu\/es\/wp-content\/uploads\/Tdad-512-OAS-7-600x493.jpg\" alt=\"\" width=\"600\" height=\"493\" srcset=\"https:\/\/www.radiosanctispiritus.cu\/es\/wp-content\/uploads\/Tdad-512-OAS-7-600x493.jpg 600w, https:\/\/www.radiosanctispiritus.cu\/es\/wp-content\/uploads\/Tdad-512-OAS-7-1024x842.jpg 1024w, https:\/\/www.radiosanctispiritus.cu\/es\/wp-content\/uploads\/Tdad-512-OAS-7-768x632.jpg 768w, https:\/\/www.radiosanctispiritus.cu\/es\/wp-content\/uploads\/Tdad-512-OAS-7-1536x1263.jpg 1536w, https:\/\/www.radiosanctispiritus.cu\/es\/wp-content\/uploads\/Tdad-512-OAS-7-2048x1684.jpg 2048w, https:\/\/www.radiosanctispiritus.cu\/es\/wp-content\/uploads\/Tdad-512-OAS-7-145x120.jpg 145w\" sizes=\"(max-width: 600px) 100vw, 600px\" \/><p id=\"caption-attachment-61199\" class=\"wp-caption-text\">Pasan los a\u00f1os y la vida abraza el tiempo en cualquier escenario.<\/p><\/div>\n<div id=\"attachment_61200\" style=\"width: 610px\" class=\"wp-caption aligncenter\"><img decoding=\"async\" aria-describedby=\"caption-attachment-61200\" class=\"size-medium wp-image-61200\" src=\"https:\/\/www.radiosanctispiritus.cu\/es\/wp-content\/uploads\/Tdad-512-OAS-8-600x409.jpg\" alt=\"\" width=\"600\" height=\"409\" srcset=\"https:\/\/www.radiosanctispiritus.cu\/es\/wp-content\/uploads\/Tdad-512-OAS-8-600x409.jpg 600w, https:\/\/www.radiosanctispiritus.cu\/es\/wp-content\/uploads\/Tdad-512-OAS-8-1024x698.jpg 1024w, https:\/\/www.radiosanctispiritus.cu\/es\/wp-content\/uploads\/Tdad-512-OAS-8-768x524.jpg 768w, https:\/\/www.radiosanctispiritus.cu\/es\/wp-content\/uploads\/Tdad-512-OAS-8-1536x1047.jpg 1536w, https:\/\/www.radiosanctispiritus.cu\/es\/wp-content\/uploads\/Tdad-512-OAS-8-2048x1396.jpg 2048w\" sizes=\"(max-width: 600px) 100vw, 600px\" \/><p id=\"caption-attachment-61200\" class=\"wp-caption-text\">Desde la Loma del Puerto y el Valle de los Ingenios, Trinidad se respira pura y bella.<\/p><\/div>\n","protected":false},"excerpt":{"rendered":"<p>La urbe se empina, sus tejados rojos iluminan cada palmo de la a\u00f1eja urbe. Abraza sus 512 a\u00f1os. Lo viven sus calles empedradas, sus rejas, sus portones, sus aldabas, aljibes. Es esa, la Trinidad de Cuba, que entre sus monta\u00f1as y el mar dibuja los m\u00e1s incre\u00edbles escenarios.<\/p>\n","protected":false},"author":15,"featured_media":61192,"comment_status":"open","ping_status":"open","sticky":false,"template":"","format":"standard","meta":{"_acf_changed":false,"footnotes":""},"categories":[11,8,1],"tags":[109,472,1486,1809,40,54],"coauthors":[1884],"class_list":["post-61189","post","type-post","status-publish","format-standard","has-post-thumbnail","hentry","category-fotorreportaje","category-noticia","category-sancti-spiritus","tag-ciudad-artesanal-del-mundo","tag-ciudad-creativa","tag-ciudad-museo-del-mar-caribe","tag-ciudad-patrimonio-cultural-de-la-humanidad","tag-trinidad","tag-trinidad-de-cuba"],"acf":[],"_links":{"self":[{"href":"https:\/\/www.radiosanctispiritus.cu\/es\/wp-json\/wp\/v2\/posts\/61189","targetHints":{"allow":["GET"]}}],"collection":[{"href":"https:\/\/www.radiosanctispiritus.cu\/es\/wp-json\/wp\/v2\/posts"}],"about":[{"href":"https:\/\/www.radiosanctispiritus.cu\/es\/wp-json\/wp\/v2\/types\/post"}],"author":[{"embeddable":true,"href":"https:\/\/www.radiosanctispiritus.cu\/es\/wp-json\/wp\/v2\/users\/15"}],"replies":[{"embeddable":true,"href":"https:\/\/www.radiosanctispiritus.cu\/es\/wp-json\/wp\/v2\/comments?post=61189"}],"version-history":[{"count":4,"href":"https:\/\/www.radiosanctispiritus.cu\/es\/wp-json\/wp\/v2\/posts\/61189\/revisions"}],"predecessor-version":[{"id":61201,"href":"https:\/\/www.radiosanctispiritus.cu\/es\/wp-json\/wp\/v2\/posts\/61189\/revisions\/61201"}],"wp:featuredmedia":[{"embeddable":true,"href":"https:\/\/www.radiosanctispiritus.cu\/es\/wp-json\/wp\/v2\/media\/61192"}],"wp:attachment":[{"href":"https:\/\/www.radiosanctispiritus.cu\/es\/wp-json\/wp\/v2\/media?parent=61189"}],"wp:term":[{"taxonomy":"category","embeddable":true,"href":"https:\/\/www.radiosanctispiritus.cu\/es\/wp-json\/wp\/v2\/categories?post=61189"},{"taxonomy":"post_tag","embeddable":true,"href":"https:\/\/www.radiosanctispiritus.cu\/es\/wp-json\/wp\/v2\/tags?post=61189"},{"taxonomy":"author","embeddable":true,"href":"https:\/\/www.radiosanctispiritus.cu\/es\/wp-json\/wp\/v2\/coauthors?post=61189"}],"curies":[{"name":"wp","href":"https:\/\/api.w.org\/{rel}","templated":true}]}}