{"id":61166,"date":"2026-01-12T05:31:28","date_gmt":"2026-01-12T10:31:28","guid":{"rendered":"https:\/\/www.radiosanctispiritus.cu\/es\/?p=61166"},"modified":"2026-01-10T23:01:27","modified_gmt":"2026-01-11T04:01:27","slug":"actores-no-estatales-afianzan-su-protagonismo-en-la-economia-espirituana","status":"publish","type":"post","link":"https:\/\/www.radiosanctispiritus.cu\/es\/actores-no-estatales-afianzan-su-protagonismo-en-la-economia-espirituana\/","title":{"rendered":"Actores no estatales afianzan su protagonismo en la econom\u00eda espirituana"},"content":{"rendered":"<p>Los actores econ\u00f3micos no estatales afianzaron su protagonismo en la econom\u00eda espirituana durante el pasado a\u00f1o.<\/p>\n<p>Daisel Garc\u00eda Bello, directora de desarrollo territorial del gobierno en el territorio lo ilustra. \u201cHoy tenemos en la provincia 397 formas de gesti\u00f3n no estatal. De ellas 81 son privadas, hay 9 estatales y 7 cooperativas no agropecuarias.<\/p>\n<p>El proceso de descentralizaci\u00f3n hacia los municipios debe favorecer a\u00fan m\u00e1s la nueva creaci\u00f3n de actores econ\u00f3micos no estatales. Desde el 24 de septiembre se comenz\u00f3 el proceso de descentralizaci\u00f3n de la plataforma de actores econ\u00f3micos , el municipio piloto bueno fue el municipio de Trinidad, ya el municipio ha aprobado 14 mipymes privadas y tres cambios de objetos sociales, dos cambios de domicilio y 8 establecimientos, \u00a0se han estado incorporando otros municipios ya que forman parte tambi\u00e9n del proceso de descentralizaci\u00f3n de la propia plataforma, est\u00e1 el municipio de Fomento, Yaguajay, el Taguasco, Jatibonico, viene quedando pendiente el municipio de Cabaigu\u00e1n y Sancti Sp\u00edritus\u00bb.<\/p>\n<p>\u00abSocial y econ\u00f3micamente estos actores hacen sentir su impacto aunque pudiera ser mucho mayor desde el punto de vista del aporte y lo el tributo al desarrollo econ\u00f3mico y social del territorio\u00a0 de salud, de\u00a0 educaci\u00f3n, han hecho aportes significativos y considerables a partir de del paso Ellas mismas han estado haciendo los aportes fundamentalmente a las instituciones sociales, \u00a0del hurac\u00e1n Melisa en las provincias orientales y como parte tambi\u00e9n de esa responsabilidad social empresarial.<\/p>\n<p><iframe src=\"https:\/\/www.ivoox.com\/player_ej_166420510_6_1.html?c1=cc0404\" width=\"100%\" height=\"200\" frameborder=\"0\" scrolling=\"no\" allowfullscreen=\"allowfullscreen\"><\/iframe><\/p>\n","protected":false},"excerpt":{"rendered":"<p>Los actores econ\u00f3micos no estatales afianzaron su protagonismo durante el pasado a\u00f1o en la provincia espirituana, donde hoy existen casi 400 de estas formas de gesti\u00f3n.<\/p>\n","protected":false},"author":14,"featured_media":61206,"comment_status":"open","ping_status":"open","sticky":false,"template":"","format":"standard","meta":{"_acf_changed":false,"footnotes":""},"categories":[9,16,8,1],"tags":[1246,71],"coauthors":[1915],"class_list":["post-61166","post","type-post","status-publish","format-standard","has-post-thumbnail","hentry","category-en-audio","category-economia","category-noticia","category-sancti-spiritus","tag-actores-economicos","tag-economia"],"acf":[],"_links":{"self":[{"href":"https:\/\/www.radiosanctispiritus.cu\/es\/wp-json\/wp\/v2\/posts\/61166","targetHints":{"allow":["GET"]}}],"collection":[{"href":"https:\/\/www.radiosanctispiritus.cu\/es\/wp-json\/wp\/v2\/posts"}],"about":[{"href":"https:\/\/www.radiosanctispiritus.cu\/es\/wp-json\/wp\/v2\/types\/post"}],"author":[{"embeddable":true,"href":"https:\/\/www.radiosanctispiritus.cu\/es\/wp-json\/wp\/v2\/users\/14"}],"replies":[{"embeddable":true,"href":"https:\/\/www.radiosanctispiritus.cu\/es\/wp-json\/wp\/v2\/comments?post=61166"}],"version-history":[{"count":4,"href":"https:\/\/www.radiosanctispiritus.cu\/es\/wp-json\/wp\/v2\/posts\/61166\/revisions"}],"predecessor-version":[{"id":61207,"href":"https:\/\/www.radiosanctispiritus.cu\/es\/wp-json\/wp\/v2\/posts\/61166\/revisions\/61207"}],"wp:featuredmedia":[{"embeddable":true,"href":"https:\/\/www.radiosanctispiritus.cu\/es\/wp-json\/wp\/v2\/media\/61206"}],"wp:attachment":[{"href":"https:\/\/www.radiosanctispiritus.cu\/es\/wp-json\/wp\/v2\/media?parent=61166"}],"wp:term":[{"taxonomy":"category","embeddable":true,"href":"https:\/\/www.radiosanctispiritus.cu\/es\/wp-json\/wp\/v2\/categories?post=61166"},{"taxonomy":"post_tag","embeddable":true,"href":"https:\/\/www.radiosanctispiritus.cu\/es\/wp-json\/wp\/v2\/tags?post=61166"},{"taxonomy":"author","embeddable":true,"href":"https:\/\/www.radiosanctispiritus.cu\/es\/wp-json\/wp\/v2\/coauthors?post=61166"}],"curies":[{"name":"wp","href":"https:\/\/api.w.org\/{rel}","templated":true}]}}