{"id":61163,"date":"2026-01-11T04:40:15","date_gmt":"2026-01-11T09:40:15","guid":{"rendered":"https:\/\/www.radiosanctispiritus.cu\/es\/?p=61163"},"modified":"2026-01-10T20:47:12","modified_gmt":"2026-01-11T01:47:12","slug":"trinidad-se-recicla-512-anos-despues","status":"publish","type":"post","link":"https:\/\/www.radiosanctispiritus.cu\/es\/trinidad-se-recicla-512-anos-despues\/","title":{"rendered":"Trinidad se recicla 512 a\u00f1os despu\u00e9s\u00a0"},"content":{"rendered":"<p>Trinidad se recicla 512 a\u00f1os despu\u00e9<\/p>\n<p>A\u00f1eja como el buen vino, la Sant\u00edsima Trinidad se recicla m\u00e1s de 510 a\u00f1os despu\u00e9s de su fundaci\u00f3n por los espa\u00f1oles, como la tercera villa de Cuba. Por estos d\u00edas los trinitarios no olvidan ofrendar su patrimonio arquitect\u00f3nico excepcional, as\u00ed como sus valores culturales y tradicionales.<\/p>\n<p>Entre sus principales encantos y a pesar del paso del tiempo, la ciudad museo del Caribe preserva la m\u00fasica que late en cualquiera de sus esquinas y en cada una de sus noches bohemias.<\/p>\n<p>Pero tambi\u00e9n aqu\u00ed se veneran las artesan\u00edas exclusivas nacidas de la arcilla y de sus hilos y agujas, donde brotan originales tejidos, puntos y bordados que redondean el crisol de la identidad trinitaria.<\/p>\n<p>En 2018, Trinidad fue declarada Ciudad Artesanal del Mundo y en 2019 Ciudad Creativa en Artesan\u00edas y Artes Populares, precisamente por la exquisitez de las labores del hilo y de la aguja, junto a los encantos de la alfarer\u00eda y el trabajo con fibras naturales.<\/p>\n<p>Este arte del bordado y el deshilado, que anta\u00f1o serv\u00eda para confeccionar ajuares de novia y demostrar habilidades, resulta hoy uno de los sellos distintivos de la ciudad, donde se practican m\u00e1s de 50 tipos de puntos, incluidos la Trinitaria, la Barah\u00fanda y el Ojito de la perdiz.<\/p>\n<p>Como complemento de modernidad, otro proyecto m\u00e1s contempor\u00e1neo, Entre hilos, alas y pinceles, liderado por la artista Yudit Vidal Faife, incorpora con innovaci\u00f3n a las piezas tradicionales de lencer\u00eda, pinturas y t\u00e9cnicas pl\u00e1sticas para transformarlas en obras de arte que dialogan con la tradici\u00f3n.<\/p>\n<p>Punto y aparte merecen los restauradores de edificios, que sortean tantas limitaciones materiales para rescatar a\u00f1ejas y valios\u00edsimas instalaciones como museos, viviendas, plazas e instituciones de diversos usos.<\/p>\n<p>Pero, m\u00e1s all\u00e1 de sus encantos, este 2025 Trinidad sufri\u00f3 en carne propia, como todo el pa\u00eds, las complejidades econ\u00f3micas y sociales propias de los tiempos de crisis.<\/p>\n<p>A pesar de que el territorio logr\u00f3 cerrar el a\u00f1o con super\u00e1vit, aqu\u00ed se mantuvo el desabastecimiento de productos, el incremento de los precios, la falta de insumos y materias primas, las limitaciones con el combustible, la dif\u00edcil situaci\u00f3n electroenerg\u00e9tica y la desfavorable situaci\u00f3n financiera en no pocas entidades.<\/p>\n<p>Sin embargo, el municipio mereci\u00f3 las actividades provinciales por el aniversario 72 del asalto a los cuarteles Moncada y Carlos Manuel de C\u00e9spedes, celebraci\u00f3n que motiv\u00f3 la consolidaci\u00f3n de polos productivos para incrementar los aportes al programa de autoabastecimiento territorial.<\/p>\n<p>Adem\u00e1s, aqu\u00ed se ejecutaron diversas acciones de reparaci\u00f3n y mantenimiento de escuelas, consultorios m\u00e9dicos, la casa del abuelo Esperanza de Vivir y otras instituciones sociales.<\/p>\n<p>Por su parte, la actividad tur\u00edstica puso en marcha diversas iniciativas a fin de incrementar la calidad de los servicios y mejorar sus indicadores econ\u00f3micos, a\u00fan en medio de la escasez de insumos y recursos.<\/p>\n<p>Especial impacto social aqu\u00ed logr\u00f3 la circulaci\u00f3n de los Ecom\u00f3viles, que mucho contribuyen a la transportaci\u00f3n de un n\u00famero considerable de pasajeros para quienes esta alternativa resulta una bendici\u00f3n mientras se trasladan por varias zonas de la ciudad.<\/p>\n<p>Un punto rojo se mantiene en la agenda gubernamental del municipio como permanente insatisfacci\u00f3n de los trinitarios: las cr\u00f3nicas dificultades con el abasto de agua, recrudecidas por la sequ\u00eda y la rotura de varios equipos de bombeo.<\/p>\n<p>Pero, sin obviar las complejas realidades del d\u00eda a d\u00eda, en sus 512 a\u00f1os, definitivamente hoy Trinidad se recicla. Y en esta ocasi\u00f3n se recicla con una motivaci\u00f3n bien especial: el centenario del natalicio del Comandante en Jefe Fidel.<\/p>\n","protected":false},"excerpt":{"rendered":"<p>Trinidad se recicla 512 a\u00f1os despu\u00e9 A\u00f1eja como el buen vino, la Sant\u00edsima Trinidad se recicla m\u00e1s de 510 a\u00f1os despu\u00e9s de su fundaci\u00f3n por los espa\u00f1oles, como la tercera villa de Cuba. Por estos d\u00edas los trinitarios no olvidan ofrendar su patrimonio arquitect\u00f3nico excepcional, as\u00ed como sus valores culturales y tradicionales. Entre sus principales [&hellip;]<\/p>\n","protected":false},"author":144,"featured_media":54191,"comment_status":"open","ping_status":"open","sticky":false,"template":"","format":"standard","meta":{"_acf_changed":false,"footnotes":""},"categories":[8,1],"tags":[109,472,1486,1809,40,54],"coauthors":[1910],"class_list":["post-61163","post","type-post","status-publish","format-standard","has-post-thumbnail","hentry","category-noticia","category-sancti-spiritus","tag-ciudad-artesanal-del-mundo","tag-ciudad-creativa","tag-ciudad-museo-del-mar-caribe","tag-ciudad-patrimonio-cultural-de-la-humanidad","tag-trinidad","tag-trinidad-de-cuba"],"acf":[],"_links":{"self":[{"href":"https:\/\/www.radiosanctispiritus.cu\/es\/wp-json\/wp\/v2\/posts\/61163","targetHints":{"allow":["GET"]}}],"collection":[{"href":"https:\/\/www.radiosanctispiritus.cu\/es\/wp-json\/wp\/v2\/posts"}],"about":[{"href":"https:\/\/www.radiosanctispiritus.cu\/es\/wp-json\/wp\/v2\/types\/post"}],"author":[{"embeddable":true,"href":"https:\/\/www.radiosanctispiritus.cu\/es\/wp-json\/wp\/v2\/users\/144"}],"replies":[{"embeddable":true,"href":"https:\/\/www.radiosanctispiritus.cu\/es\/wp-json\/wp\/v2\/comments?post=61163"}],"version-history":[{"count":2,"href":"https:\/\/www.radiosanctispiritus.cu\/es\/wp-json\/wp\/v2\/posts\/61163\/revisions"}],"predecessor-version":[{"id":61165,"href":"https:\/\/www.radiosanctispiritus.cu\/es\/wp-json\/wp\/v2\/posts\/61163\/revisions\/61165"}],"wp:featuredmedia":[{"embeddable":true,"href":"https:\/\/www.radiosanctispiritus.cu\/es\/wp-json\/wp\/v2\/media\/54191"}],"wp:attachment":[{"href":"https:\/\/www.radiosanctispiritus.cu\/es\/wp-json\/wp\/v2\/media?parent=61163"}],"wp:term":[{"taxonomy":"category","embeddable":true,"href":"https:\/\/www.radiosanctispiritus.cu\/es\/wp-json\/wp\/v2\/categories?post=61163"},{"taxonomy":"post_tag","embeddable":true,"href":"https:\/\/www.radiosanctispiritus.cu\/es\/wp-json\/wp\/v2\/tags?post=61163"},{"taxonomy":"author","embeddable":true,"href":"https:\/\/www.radiosanctispiritus.cu\/es\/wp-json\/wp\/v2\/coauthors?post=61163"}],"curies":[{"name":"wp","href":"https:\/\/api.w.org\/{rel}","templated":true}]}}