{"id":61158,"date":"2026-01-10T14:00:48","date_gmt":"2026-01-10T19:00:48","guid":{"rendered":"https:\/\/www.radiosanctispiritus.cu\/es\/?p=61158"},"modified":"2026-01-10T14:04:09","modified_gmt":"2026-01-10T19:04:09","slug":"teatro-trinitario-la-caridad-festeja-quinto-aniversario-de-su-reapertura","status":"publish","type":"post","link":"https:\/\/www.radiosanctispiritus.cu\/es\/teatro-trinitario-la-caridad-festeja-quinto-aniversario-de-su-reapertura\/","title":{"rendered":"Teatro trinitario La Caridad festeja quinto aniversario de su reapertura"},"content":{"rendered":"<p><span class=\"cursor-pointer group\" title=\"Reproducir desde 0:00\"><span class=\"group-hover:bg-base-200 rounded p-0.5 -m-0.5\" data-start=\"260\" data-end=\"6940\">Tras una restauraci\u00f3n total, los aplausos regresaron al Teatro La Caridad en enero de 2021.<\/span><\/span> <span class=\"cursor-pointer group\" title=\"Reproducir desde 0:08\"><span class=\"group-hover:bg-base-200 rounded p-0.5 -m-0.5\" data-start=\"7520\" data-end=\"13600\">El quinto aniversario de aquel suceso que remarca la vida cultural de Trinidad de Cuba fue celebrado<\/span><\/span> <span class=\"cursor-pointer group\" title=\"Reproducir desde 0:14\"><span class=\"group-hover:bg-base-200 rounded p-0.5 -m-0.5\" data-start=\"13600\" data-end=\"20340\">por trabajadores, artistas e invitados. <\/span><\/span><\/p>\n<p><span class=\"cursor-pointer group\" title=\"Reproducir desde 0:14\"><span class=\"group-hover:bg-base-200 rounded p-0.5 -m-0.5\" data-start=\"13600\" data-end=\"20340\">El sencillo espect\u00e1culo organizado para la ocasi\u00f3n cont\u00f3 con<\/span><\/span> <span class=\"cursor-pointer group\" title=\"Reproducir desde 0:20\"><span class=\"group-hover:bg-base-200 rounded p-0.5 -m-0.5\" data-start=\"20340\" data-end=\"26240\">las actuaciones de la solista Adela, los actores Dayana Ferreira y Fernando Miguel G\u00f3mez, el<\/span><\/span> <span class=\"cursor-pointer group\" title=\"Reproducir desde 0:26\"><span class=\"group-hover:bg-base-200 rounded p-0.5 -m-0.5\" data-start=\"26240\" data-end=\"33400\">septeto Rafael Zarosa y las compa\u00f1\u00edas Ballet Folkl\u00f3rico Leyenda Folk y Cuba Dance.<\/span><\/span><\/p>\n<p><span class=\"cursor-pointer group\" title=\"Reproducir desde 0:46\"><span class=\"group-hover:bg-base-200 rounded p-0.5 -m-0.5\" data-start=\"45700\" data-end=\"52920\">Por otro lado, Ana Betancourtr Hern\u00e1ndez, presidenta<\/span><\/span> <span class=\"cursor-pointer group\" title=\"Reproducir desde 0:53\"><span class=\"group-hover:bg-base-200 rounded p-0.5 -m-0.5\" data-start=\"52920\" data-end=\"59140\">del Consejo Provincial de las Artes Esc\u00e9nicas, distingui\u00f3 con el premio Hugo Hern\u00e1ndez al actor<\/span><\/span> <span class=\"cursor-pointer group\" title=\"Reproducir desde 0:59\"><span class=\"group-hover:bg-base-200 rounded p-0.5 -m-0.5\" data-start=\"59140\" data-end=\"65640\">Fernando Miguel G\u00f3mez, director de Dador Teatro, mientras Fernando D\u00edaz Su\u00e1rez, al frente de la<\/span><\/span> <span class=\"cursor-pointer group\" title=\"Reproducir desde 1:06\"><span class=\"group-hover:bg-base-200 rounded p-0.5 -m-0.5\" data-start=\"65640\" data-end=\"71900\">Direcci\u00f3n Municipal de Cultura y Arte, entreg\u00f3 un diploma de reconocimiento al sonidista Yaisel<\/span><\/span> <span class=\"cursor-pointer group\" title=\"Reproducir desde 1:12\"><span class=\"group-hover:bg-base-200 rounded p-0.5 -m-0.5\" data-start=\"71900\" data-end=\"78640\">Arteaga, mejor trabajador del 2025. <\/span><\/span><\/p>\n<p><span class=\"cursor-pointer group\" title=\"Reproducir desde 1:12\"><span class=\"group-hover:bg-base-200 rounded p-0.5 -m-0.5\" data-start=\"71900\" data-end=\"78640\">De lo que representa el Teatro La Caridad para el crecimiento<\/span><\/span> <span class=\"cursor-pointer group\" title=\"Reproducir desde 1:19\"><span class=\"group-hover:bg-base-200 rounded p-0.5 -m-0.5\" data-start=\"78640\" data-end=\"85080\">espiritual de los lugare\u00f1os, habl\u00f3 Ana Betancourt Hern\u00e1ndez, presidenta del Consejo Provincial de<\/span><\/span> <span class=\"cursor-pointer group\" title=\"Reproducir desde 1:25\"><span class=\"group-hover:bg-base-200 rounded p-0.5 -m-0.5\" data-start=\"85080\" data-end=\"91960\">las Artes Esc\u00e9nicas. \u00ab<\/span><\/span><span class=\"cursor-pointer group\" title=\"Reproducir desde 1:25\"><span class=\"group-hover:bg-base-200 rounded p-0.5 -m-0.5\" data-start=\"85080\" data-end=\"91960\">Es un teatro que tiene un valor dentro de una ciudad patrimonial, por dem\u00e1s,<\/span><\/span> <span class=\"cursor-pointer group\" title=\"Reproducir desde 1:32\"><span class=\"group-hover:bg-base-200 rounded p-0.5 -m-0.5\" data-start=\"92440\" data-end=\"99100\">una regi\u00f3n que tiene una cultura \u00fanica, que es aut\u00f3ctona y que puede servir para much\u00edsimas<\/span><\/span> <span class=\"cursor-pointer group\" title=\"Reproducir desde 1:39\"><span class=\"group-hover:bg-base-200 rounded p-0.5 -m-0.5\" data-start=\"99100\" data-end=\"104740\">actividades, desde la danza, el teatro, los espect\u00e1culos, para el disfrute de todos los<\/span><\/span> <span class=\"cursor-pointer group\" title=\"Reproducir desde 1:45\"><span class=\"group-hover:bg-base-200 rounded p-0.5 -m-0.5\" data-start=\"104740\" data-end=\"109780\">trinitarios\u00bb. <\/span><\/span><\/p>\n<p><span class=\"cursor-pointer group\" title=\"Reproducir desde 2:41\"><span class=\"group-hover:bg-base-200 rounded p-0.5 -m-0.5\" data-start=\"160540\" data-end=\"166160\">A la actividad enmarcada en los festejos por el aniversario 512 de Trinidad de Cuba,<\/span><\/span> <span class=\"cursor-pointer group\" title=\"Reproducir desde 2:47\"><span class=\"group-hover:bg-base-200 rounded p-0.5 -m-0.5\" data-start=\"166740\" data-end=\"173380\">asistieron autoridades del partido y el gobierno, de la Direcci\u00f3n Municipal de Cultura y representantes<\/span><\/span> <span class=\"cursor-pointer group\" title=\"Reproducir desde 2:53\"><span class=\"group-hover:bg-base-200 rounded p-0.5 -m-0.5\" data-start=\"173380\" data-end=\"180240\">de las diferentes instituciones del sector.<\/span><\/span><\/p>\n<p><iframe src=\"https:\/\/www.ivoox.com\/player_ej_166408006_6_1.html?c1=7a0d0b\" width=\"100%\" height=\"200\" frameborder=\"0\" scrolling=\"no\" allowfullscreen=\"allowfullscreen\"><\/iframe><\/p>\n","protected":false},"excerpt":{"rendered":"<p>Tras una restauraci\u00f3n total, los aplausos regresaron al Teatro La Caridad en enero de 2021. El quinto aniversario de aquel suceso que remarca la vida cultural de Trinidad de Cuba fue celebrado por trabajadores, artistas e invitados.<\/p>\n","protected":false},"author":145,"featured_media":40427,"comment_status":"open","ping_status":"open","sticky":false,"template":"","format":"standard","meta":{"_acf_changed":false,"footnotes":""},"categories":[8,6,9,1],"tags":[443,1641,54],"coauthors":[1886],"class_list":["post-61158","post","type-post","status-publish","format-standard","has-post-thumbnail","hentry","category-noticia","category-cultura","category-en-audio","category-sancti-spiritus","tag-artes-escenicas","tag-teatro-la-caridad","tag-trinidad-de-cuba"],"acf":[],"_links":{"self":[{"href":"https:\/\/www.radiosanctispiritus.cu\/es\/wp-json\/wp\/v2\/posts\/61158","targetHints":{"allow":["GET"]}}],"collection":[{"href":"https:\/\/www.radiosanctispiritus.cu\/es\/wp-json\/wp\/v2\/posts"}],"about":[{"href":"https:\/\/www.radiosanctispiritus.cu\/es\/wp-json\/wp\/v2\/types\/post"}],"author":[{"embeddable":true,"href":"https:\/\/www.radiosanctispiritus.cu\/es\/wp-json\/wp\/v2\/users\/145"}],"replies":[{"embeddable":true,"href":"https:\/\/www.radiosanctispiritus.cu\/es\/wp-json\/wp\/v2\/comments?post=61158"}],"version-history":[{"count":3,"href":"https:\/\/www.radiosanctispiritus.cu\/es\/wp-json\/wp\/v2\/posts\/61158\/revisions"}],"predecessor-version":[{"id":61161,"href":"https:\/\/www.radiosanctispiritus.cu\/es\/wp-json\/wp\/v2\/posts\/61158\/revisions\/61161"}],"wp:featuredmedia":[{"embeddable":true,"href":"https:\/\/www.radiosanctispiritus.cu\/es\/wp-json\/wp\/v2\/media\/40427"}],"wp:attachment":[{"href":"https:\/\/www.radiosanctispiritus.cu\/es\/wp-json\/wp\/v2\/media?parent=61158"}],"wp:term":[{"taxonomy":"category","embeddable":true,"href":"https:\/\/www.radiosanctispiritus.cu\/es\/wp-json\/wp\/v2\/categories?post=61158"},{"taxonomy":"post_tag","embeddable":true,"href":"https:\/\/www.radiosanctispiritus.cu\/es\/wp-json\/wp\/v2\/tags?post=61158"},{"taxonomy":"author","embeddable":true,"href":"https:\/\/www.radiosanctispiritus.cu\/es\/wp-json\/wp\/v2\/coauthors?post=61158"}],"curies":[{"name":"wp","href":"https:\/\/api.w.org\/{rel}","templated":true}]}}