{"id":61144,"date":"2026-01-10T05:15:06","date_gmt":"2026-01-10T10:15:06","guid":{"rendered":"https:\/\/www.radiosanctispiritus.cu\/es\/?p=61144"},"modified":"2026-01-10T00:35:05","modified_gmt":"2026-01-10T05:35:05","slug":"amargo-2025-para-la-miel-en-sancti-spiritus","status":"publish","type":"post","link":"https:\/\/www.radiosanctispiritus.cu\/es\/amargo-2025-para-la-miel-en-sancti-spiritus\/","title":{"rendered":"Amargo 2025 para la miel en Sancti Sp\u00edritus"},"content":{"rendered":"<p><span class=\"cursor-pointer group\" title=\"Reproducir desde 0:00\"><span class=\"group-hover:bg-base-200 rounded p-0.5 -m-0.5\" data-start=\"0\" data-end=\"13120\">Con un total de 442 toneladas de miel producidas, los apicultores espirituanos quedaron muy por debajo del programa de recolecci\u00f3n previsto durante el pasado a\u00f1o en uno de los principales rubros exportables de la provincia.<\/span><\/span><\/p>\n<p><span class=\"cursor-pointer group\" title=\"Reproducir desde 0:14\"><span class=\"group-hover:bg-base-200 rounded p-0.5 -m-0.5\" data-start=\"13540\" data-end=\"26800\">La intensa sequ\u00eda que afect\u00f3 las floraciones en etapas picos del periodo y dificultades con algunos insumos impidieron el cumplimiento, en lo que tambi\u00e9n incidieron problemas asociados a la crisis electroenerg\u00e9tica que atraviesa el pa\u00eds,<\/span><\/span> <span class=\"cursor-pointer group\" title=\"Reproducir desde 0:27\"><span class=\"group-hover:bg-base-200 rounded p-0.5 -m-0.5\" data-start=\"26800\" data-end=\"32800\">seg\u00fan lo describe Amaury Alberto Santander Hern\u00e1ndez, director de la Empresa Ap\u00edcola Sancti Sp\u00edritus.<\/span><\/span><\/p>\n<p><span class=\"cursor-pointer group\" title=\"Reproducir desde 0:33\"><span class=\"group-hover:bg-base-200 rounded p-0.5 -m-0.5\" data-start=\"32900\" data-end=\"42680\">\u00abLas limitaciones fundamentales que tenemos en la actualidad est\u00e1n comprendidas en primer lugar en la dificultad que tenemos con la energ\u00eda el\u00e9ctrica para la producci\u00f3n de elementos de colmena,<\/span><\/span> <span class=\"cursor-pointer group\" title=\"Reproducir desde 0:43\"><span class=\"group-hover:bg-base-200 rounded p-0.5 -m-0.5\" data-start=\"42800\" data-end=\"47760\">que esto limita el crecimiento y el cambio de las cajas fundamentalmente en todo el territorio,<\/span><\/span> <span class=\"cursor-pointer group\" title=\"Reproducir desde 0:48\"><span class=\"group-hover:bg-base-200 rounded p-0.5 -m-0.5\" data-start=\"47860\" data-end=\"52480\">hemos tenido esa dificultad a pesar de que estamos buscando nuevas iniciativas con diferentes actores de la econom\u00eda<\/span><\/span> <span class=\"cursor-pointer group\" title=\"Reproducir desde 0:52\"><span class=\"group-hover:bg-base-200 rounded p-0.5 -m-0.5\" data-start=\"52480\" data-end=\"56840\">y los productores han tratado de ir paleando esta situaci\u00f3n con sus propios medios\u00bb.<\/span><\/span><\/p>\n<p><span class=\"cursor-pointer group\" title=\"Reproducir desde 0:57\"><span class=\"group-hover:bg-base-200 rounded p-0.5 -m-0.5\" data-start=\"56940\" data-end=\"66900\">A pesar de no lograrse lo estimado, la entidad ap\u00edcola pudo recortar la deuda en divisas con los productores, un factor que tambi\u00e9n enturbia la producci\u00f3n de miel en el territorio.<\/span><\/span> \u00ab<span class=\"cursor-pointer group\" title=\"Reproducir desde 1:07\"><span class=\"group-hover:bg-base-200 rounded p-0.5 -m-0.5\" data-start=\"67180\" data-end=\"77340\">El esquema de financiamiento en divisa despu\u00e9s de aprobado el mes de julio, ha funcionado de forma estable lo que es el pago de la miel en divisa a partir del mes de julio,<\/span><\/span> <span class=\"cursor-pointer group\" title=\"Reproducir desde 1:17\"><span class=\"group-hover:bg-base-200 rounded p-0.5 -m-0.5\" data-start=\"77340\" data-end=\"79360\">el pago de todas las entregas a partir del mes de julio.<\/span><\/span> <span class=\"cursor-pointer group\" title=\"Reproducir desde 1:20\"><span class=\"group-hover:bg-base-200 rounded p-0.5 -m-0.5\" data-start=\"79840\" data-end=\"87480\">Sabemos que tenemos una deuda pendiente con los productores que ya se logr\u00f3 pagar el 81% de la que se deb\u00eda del 2024. <\/span><\/span><span class=\"cursor-pointer group\" title=\"Reproducir desde 1:28\"><span class=\"group-hover:bg-base-200 rounded p-0.5 -m-0.5\" data-start=\"88200\" data-end=\"101080\">Estamos en espera de terminar en las dem\u00e1s provincias y concluir todo este proceso de lo que queda pendiente del 2024 y toda la producci\u00f3n de miel de enero a junio del 2025 en los productores\u00bb.<\/span><\/span><\/p>\n<p><iframe src=\"https:\/\/www.ivoox.com\/player_ej_166375779_6_1.html?c1=7a0d0b\" width=\"100%\" height=\"200\" frameborder=\"0\" scrolling=\"no\" allowfullscreen=\"allowfullscreen\"><\/iframe><\/p>\n","protected":false},"excerpt":{"rendered":"<p>Con un total de 442 toneladas de miel producidas, los apicultores espirituanos quedaron muy por debajo del programa de recolecci\u00f3n previsto durante el pasado a\u00f1o en uno de los principales rubros exportables de la provincia.<\/p>\n","protected":false},"author":14,"featured_media":61145,"comment_status":"open","ping_status":"open","sticky":false,"template":"","format":"standard","meta":{"_acf_changed":false,"footnotes":""},"categories":[8,16,9,1],"tags":[499,721,1462],"coauthors":[1915],"class_list":["post-61144","post","type-post","status-publish","format-standard","has-post-thumbnail","hentry","category-noticia","category-economia","category-en-audio","category-sancti-spiritus","tag-apicultura","tag-fondos-exportables","tag-plan-de-exportaciones"],"acf":[],"_links":{"self":[{"href":"https:\/\/www.radiosanctispiritus.cu\/es\/wp-json\/wp\/v2\/posts\/61144","targetHints":{"allow":["GET"]}}],"collection":[{"href":"https:\/\/www.radiosanctispiritus.cu\/es\/wp-json\/wp\/v2\/posts"}],"about":[{"href":"https:\/\/www.radiosanctispiritus.cu\/es\/wp-json\/wp\/v2\/types\/post"}],"author":[{"embeddable":true,"href":"https:\/\/www.radiosanctispiritus.cu\/es\/wp-json\/wp\/v2\/users\/14"}],"replies":[{"embeddable":true,"href":"https:\/\/www.radiosanctispiritus.cu\/es\/wp-json\/wp\/v2\/comments?post=61144"}],"version-history":[{"count":5,"href":"https:\/\/www.radiosanctispiritus.cu\/es\/wp-json\/wp\/v2\/posts\/61144\/revisions"}],"predecessor-version":[{"id":61150,"href":"https:\/\/www.radiosanctispiritus.cu\/es\/wp-json\/wp\/v2\/posts\/61144\/revisions\/61150"}],"wp:featuredmedia":[{"embeddable":true,"href":"https:\/\/www.radiosanctispiritus.cu\/es\/wp-json\/wp\/v2\/media\/61145"}],"wp:attachment":[{"href":"https:\/\/www.radiosanctispiritus.cu\/es\/wp-json\/wp\/v2\/media?parent=61144"}],"wp:term":[{"taxonomy":"category","embeddable":true,"href":"https:\/\/www.radiosanctispiritus.cu\/es\/wp-json\/wp\/v2\/categories?post=61144"},{"taxonomy":"post_tag","embeddable":true,"href":"https:\/\/www.radiosanctispiritus.cu\/es\/wp-json\/wp\/v2\/tags?post=61144"},{"taxonomy":"author","embeddable":true,"href":"https:\/\/www.radiosanctispiritus.cu\/es\/wp-json\/wp\/v2\/coauthors?post=61144"}],"curies":[{"name":"wp","href":"https:\/\/api.w.org\/{rel}","templated":true}]}}