{"id":61139,"date":"2026-01-10T04:19:56","date_gmt":"2026-01-10T09:19:56","guid":{"rendered":"https:\/\/www.radiosanctispiritus.cu\/es\/?p=61139"},"modified":"2026-01-10T00:10:58","modified_gmt":"2026-01-10T05:10:58","slug":"combatientes-de-la-pnr-de-cabaiguan-reafirman-compromiso-con-la-defensa-de-la-patria","status":"publish","type":"post","link":"https:\/\/www.radiosanctispiritus.cu\/es\/combatientes-de-la-pnr-de-cabaiguan-reafirman-compromiso-con-la-defensa-de-la-patria\/","title":{"rendered":"Combatientes de la PNR de Cabaigu\u00e1n reafirman compromiso con la defensa de la Patria"},"content":{"rendered":"<p>Convocados por la dignidad de un pueblo que no se arrodilla ni se vende y una vocaci\u00f3n humanista y solidaria que supera las seis d\u00e9cadas de historia, los combatientes de la Polic\u00eda Nacional Revolucionaria en Cabaigu\u00e1n ratificaron su respaldo a la obra de la Revoluci\u00f3n y su compromiso con la defensa de la tranquilidad ciudadana y el orden interior, a la vez que condenaron el vil ataque de Estados Unidos a Venezuela, que provoc\u00f3 la muerte de 32 cubanos y el secuestro de su presidente Nicol\u00e1s Maduro y su esposa Cilia Flores.<\/p>\n<p>Durante el acto, que sirvi\u00f3 adem\u00e1s para conmemorar el aniversario 67 de la creaci\u00f3n de la PNR, el capit\u00e1n Alexander Gallardo Cruz y la teniente Naya Leidy Saranda D\u00edaz recibieron la Distinci\u00f3n por el Servicio Distinguido en el Ministerio del Interior, por los resultados obtenidos en el desempe\u00f1o de sus funciones y el enfrentamiento a las diferentes tipicidades delictivas en el territorio.<\/p>\n<p>Los combatientes presentes en la conmemoraci\u00f3n dedicaron un minuto de silencio a los m\u00e1rtires de las acciones del pasado 3 de enero en Caracas, ca\u00eddos en el cumplimiento del deber y convertidos en s\u00edmbolos de valent\u00eda y honor para las generaciones actuales y futuras.<\/p>\n<p><iframe src=\"https:\/\/www.ivoox.com\/player_ej_166346576_6_1.html?c1=7a0d0b\" width=\"100%\" height=\"200\" frameborder=\"0\" scrolling=\"no\" allowfullscreen=\"allowfullscreen\"><\/iframe><\/p>\n","protected":false},"excerpt":{"rendered":"<p>Los combatientes de la Polic\u00eda Nacional Revolucionaria en Cabaigu\u00e1n ratificaron su respaldo a la obra de la Revoluci\u00f3n y su compromiso con la defensa de la tranquilidad ciudadana y el orden interior, a la vez que condenaron el vil ataque de Estados Unidos a Venezuela, que provoc\u00f3 la muerte de 32 cubanos y el secuestro de su presidente Nicol\u00e1s Maduro y su esposa Cilia Flores.<\/p>\n","protected":false},"author":135,"featured_media":61140,"comment_status":"open","ping_status":"open","sticky":false,"template":"","format":"standard","meta":{"_acf_changed":false,"footnotes":""},"categories":[8,9,1],"tags":[133,648,647],"coauthors":[1863],"class_list":["post-61139","post","type-post","status-publish","format-standard","has-post-thumbnail","hentry","category-noticia","category-en-audio","category-sancti-spiritus","tag-cabaiguan","tag-pnr","tag-policia-nacional-revolucionaria"],"acf":[],"_links":{"self":[{"href":"https:\/\/www.radiosanctispiritus.cu\/es\/wp-json\/wp\/v2\/posts\/61139","targetHints":{"allow":["GET"]}}],"collection":[{"href":"https:\/\/www.radiosanctispiritus.cu\/es\/wp-json\/wp\/v2\/posts"}],"about":[{"href":"https:\/\/www.radiosanctispiritus.cu\/es\/wp-json\/wp\/v2\/types\/post"}],"author":[{"embeddable":true,"href":"https:\/\/www.radiosanctispiritus.cu\/es\/wp-json\/wp\/v2\/users\/135"}],"replies":[{"embeddable":true,"href":"https:\/\/www.radiosanctispiritus.cu\/es\/wp-json\/wp\/v2\/comments?post=61139"}],"version-history":[{"count":3,"href":"https:\/\/www.radiosanctispiritus.cu\/es\/wp-json\/wp\/v2\/posts\/61139\/revisions"}],"predecessor-version":[{"id":61143,"href":"https:\/\/www.radiosanctispiritus.cu\/es\/wp-json\/wp\/v2\/posts\/61139\/revisions\/61143"}],"wp:featuredmedia":[{"embeddable":true,"href":"https:\/\/www.radiosanctispiritus.cu\/es\/wp-json\/wp\/v2\/media\/61140"}],"wp:attachment":[{"href":"https:\/\/www.radiosanctispiritus.cu\/es\/wp-json\/wp\/v2\/media?parent=61139"}],"wp:term":[{"taxonomy":"category","embeddable":true,"href":"https:\/\/www.radiosanctispiritus.cu\/es\/wp-json\/wp\/v2\/categories?post=61139"},{"taxonomy":"post_tag","embeddable":true,"href":"https:\/\/www.radiosanctispiritus.cu\/es\/wp-json\/wp\/v2\/tags?post=61139"},{"taxonomy":"author","embeddable":true,"href":"https:\/\/www.radiosanctispiritus.cu\/es\/wp-json\/wp\/v2\/coauthors?post=61139"}],"curies":[{"name":"wp","href":"https:\/\/api.w.org\/{rel}","templated":true}]}}