{"id":61114,"date":"2026-01-09T14:56:07","date_gmt":"2026-01-09T19:56:07","guid":{"rendered":"https:\/\/www.radiosanctispiritus.cu\/es\/?p=61114"},"modified":"2026-01-09T14:41:16","modified_gmt":"2026-01-09T19:41:16","slug":"semana-de-la-cultura-trinitaria-celebrara-aniversario-512-de-la-ciudad","status":"publish","type":"post","link":"https:\/\/www.radiosanctispiritus.cu\/es\/semana-de-la-cultura-trinitaria-celebrara-aniversario-512-de-la-ciudad\/","title":{"rendered":"Semana de la Cultura Trinitaria celebrar\u00e1 aniversario 512 de la ciudad"},"content":{"rendered":"<p>La edici\u00f3n 53 de la Semana de la Cultura Trinitaria, entre el 11 y el 17 de enero, fija su programa en las diferentes instituciones con una motivaci\u00f3n especial: el centenario del natalicio de Fidel, quien siempre apost\u00f3 por el crecimiento espiritual de los cubanos.<\/p>\n<p>Es por eso que la Biblioteca Municipal Gustavo Izquierdo Tard\u00edo, la Casa de Cultura Julio Bartolom\u00e9 Cueva D\u00edaz, museos y galer\u00edas han preparado variadas propuestas para homenajear al l\u00edder hist\u00f3rico de la Revoluci\u00f3n.<\/p>\n<p>Inauguraci\u00f3n de exposiciones, homenaje a personalidades, charlas, encuentros de artesanos y concursos figuran entre las principales actividades de la cita, que se enmarca adem\u00e1s en el aniversario 512 de la fundaci\u00f3n de la ciudad.<\/p>\n<p>De acuerdo con Fernando D\u00edaz Su\u00e1rez, m\u00e1ximo representante de la Direcci\u00f3n Municipal de Cultura y Arte, la intenci\u00f3n es tambi\u00e9n extender las propuestas de la celebraci\u00f3n a determinados colectivos laborales.<\/p>\n<p>\u201cPretendemos llevar actividades a los centros de trabajo, como se hac\u00eda en a\u00f1os anteriores; por ejemplo, a la f\u00e1brica de cigarros, a la Pesca, a la tabaquer\u00eda, escuelas, direcci\u00f3n de Educaci\u00f3n, c\u00edrculos infantiles\u201d.<\/p>\n<p>Por su parte, Yulieski Cristo D\u00e9vora, vicepresidenta de la Asamblea Municipal del Poder Popular, dijo que la Asamblea Solemne de ese \u00f3rgano de gobierno, el domingo 11 de enero en el Teatro La Caridad, descorre las cortinas de la 53 Semana de la Cultura.<\/p>\n<p>\u201cTambi\u00e9n estar\u00e1 dedicada a la impronta del Comandante en Jefe en el Escambray. All\u00ed estaremos rememorando un grupo de acontecimientos hist\u00f3ricos que marcan el proceso revolucionario en esa regi\u00f3n. Se va a entregar el Premio \u00danico de las Artes y el S\u00edmbolo de la Ciudad, que es la Torre de Manaca Iznaga, como siempre lo hacemos\u201d.<\/p>\n<p>Explic\u00f3 que se suspenden las tres galas programadas para la festividad, as\u00ed como las actividades bailables, toda vez que la isla llora la p\u00e9rdida de 32 compatriotas ca\u00eddos en la hermana Rep\u00fablica Bolivariana de Venezuela en cumplimiento del deber.<\/p>\n","protected":false},"excerpt":{"rendered":"<p>La edici\u00f3n 53 de la Semana de la Cultura Trinitaria, entre el 11 y el 17 de enero, fija su programa en las diferentes instituciones con una motivaci\u00f3n especial: el centenario del natalicio de Fidel, quien siempre apost\u00f3 por el crecimiento espiritual de los cubanos.<\/p>\n","protected":false},"author":145,"featured_media":48537,"comment_status":"open","ping_status":"open","sticky":false,"template":"","format":"standard","meta":{"_acf_changed":false,"footnotes":""},"categories":[8,6,1],"tags":[1486,589,40,54],"coauthors":[1886],"class_list":["post-61114","post","type-post","status-publish","format-standard","has-post-thumbnail","hentry","category-noticia","category-cultura","category-sancti-spiritus","tag-ciudad-museo-del-mar-caribe","tag-semana-de-la-cultura","tag-trinidad","tag-trinidad-de-cuba"],"acf":[],"_links":{"self":[{"href":"https:\/\/www.radiosanctispiritus.cu\/es\/wp-json\/wp\/v2\/posts\/61114","targetHints":{"allow":["GET"]}}],"collection":[{"href":"https:\/\/www.radiosanctispiritus.cu\/es\/wp-json\/wp\/v2\/posts"}],"about":[{"href":"https:\/\/www.radiosanctispiritus.cu\/es\/wp-json\/wp\/v2\/types\/post"}],"author":[{"embeddable":true,"href":"https:\/\/www.radiosanctispiritus.cu\/es\/wp-json\/wp\/v2\/users\/145"}],"replies":[{"embeddable":true,"href":"https:\/\/www.radiosanctispiritus.cu\/es\/wp-json\/wp\/v2\/comments?post=61114"}],"version-history":[{"count":1,"href":"https:\/\/www.radiosanctispiritus.cu\/es\/wp-json\/wp\/v2\/posts\/61114\/revisions"}],"predecessor-version":[{"id":61115,"href":"https:\/\/www.radiosanctispiritus.cu\/es\/wp-json\/wp\/v2\/posts\/61114\/revisions\/61115"}],"wp:featuredmedia":[{"embeddable":true,"href":"https:\/\/www.radiosanctispiritus.cu\/es\/wp-json\/wp\/v2\/media\/48537"}],"wp:attachment":[{"href":"https:\/\/www.radiosanctispiritus.cu\/es\/wp-json\/wp\/v2\/media?parent=61114"}],"wp:term":[{"taxonomy":"category","embeddable":true,"href":"https:\/\/www.radiosanctispiritus.cu\/es\/wp-json\/wp\/v2\/categories?post=61114"},{"taxonomy":"post_tag","embeddable":true,"href":"https:\/\/www.radiosanctispiritus.cu\/es\/wp-json\/wp\/v2\/tags?post=61114"},{"taxonomy":"author","embeddable":true,"href":"https:\/\/www.radiosanctispiritus.cu\/es\/wp-json\/wp\/v2\/coauthors?post=61114"}],"curies":[{"name":"wp","href":"https:\/\/api.w.org\/{rel}","templated":true}]}}