{"id":61067,"date":"2026-01-08T19:34:07","date_gmt":"2026-01-09T00:34:07","guid":{"rendered":"https:\/\/www.radiosanctispiritus.cu\/es\/?p=61067"},"modified":"2026-01-08T16:34:44","modified_gmt":"2026-01-08T21:34:44","slug":"manuel-marrero-tenemos-que-avanzar-con-nuestros-propios-esfuerzos","status":"publish","type":"post","link":"https:\/\/www.radiosanctispiritus.cu\/es\/manuel-marrero-tenemos-que-avanzar-con-nuestros-propios-esfuerzos\/","title":{"rendered":"Manuel Marrero: tenemos que avanzar con nuestros propios esfuerzos"},"content":{"rendered":"<p>A buscar soluciones con nuestros propios esfuerzos, que nos permitan avanzar, llam\u00f3 este jueves Manuel Marrero Cruz, miembro del Bur\u00f3 Pol\u00edtico del Partido y Primer Ministro de la Rep\u00fablica, durante la reuni\u00f3n extraordinaria del Consejo Provincial de Gobierno del Poder Popular de Pinar del R\u00edo.<\/p>\n<p>Eso es posible con nuestros recursos end\u00f3genos, con la aplicaci\u00f3n de la ciencia, exigiendo mayores resultados a todos los actores econ\u00f3micos, comenzando por la empresa estatal socialista y con un desempe\u00f1o y participaci\u00f3n superiores en la econom\u00eda del sector no estatal, asever\u00f3 mediante videoconferencia.<\/p>\n<p>El bloqueo recrudecido constituye de verdad el principal obst\u00e1culo para nuestro desarrollo; pero a\u00fan existen muchas insuficiencias que no son derivadas de esa causa y tenemos que eliminarlas, resalt\u00f3.<\/p>\n<p>Se refiri\u00f3 a la necesidad de ingresar divisas, teniendo en cuenta que los recursos exportables fundamentales se encuentran en los territorios, de ah\u00ed la urgencia de identificar potencialidades.<\/p>\n<p>Tenemos que empoderar al municipio, muchos hoy est\u00e1n debilitados por la falta de cuadros o la manera de buscar soluciones a los problemas; y tiene que avanzar realmente en su autonom\u00eda y funcionamiento, a\u00f1adi\u00f3.<\/p>\n<p>Por ejemplo, Pinar del R\u00edo, provincia mayor productora de tabaco en Cuba, tiene condiciones para ampliar el programa tabacalero- a juicio de Ydael P\u00e9rez Brito, ministro de la Agricultura-, buscando nuevas \u00e1reas y polos en los cuales llevar a cabo la actividad, aunque para ello se debe asegurar el riego.<\/p>\n<p>Hay que lograr la autonom\u00eda municipal refrendada en la Constituci\u00f3n de la Rep\u00fablica, en los municipios contamos todav\u00eda con recursos y reservas que no explotamos, precis\u00f3 Esteban Lazo Hern\u00e1ndez, presidente de la Asamblea Nacional del Poder Popular y del Consejo de Estado.<\/p>\n<p>En ese sentido, Oscar P\u00e9rez- Oliva Fraga, vice primer ministro y titular de Comercio Exterior y la Inversi\u00f3n Extranjera, destac\u00f3 que las estrategias de desarrollo tienen que ser coherentes con la realidad de cada territorio, y para reducir el d\u00e9ficit fiscal se necesita generar recursos en la base.<\/p>\n","protected":false},"excerpt":{"rendered":"<p>A buscar soluciones con nuestros propios esfuerzos, que nos permitan avanzar, llam\u00f3 este jueves Manuel Marrero Cruz, miembro del Bur\u00f3 Pol\u00edtico del Partido y Primer Ministro de la Rep\u00fablica, durante la reuni\u00f3n extraordinaria del Consejo Provincial de Gobierno del Poder Popular de Pinar del R\u00edo.<\/p>\n","protected":false},"author":123,"featured_media":61068,"comment_status":"open","ping_status":"open","sticky":false,"template":"","format":"standard","meta":{"_acf_changed":false,"footnotes":""},"categories":[8,3,16],"tags":[964,56,55],"coauthors":[1895],"class_list":["post-61067","post","type-post","status-publish","format-standard","has-post-thumbnail","hentry","category-noticia","category-cuba","category-economia","tag-economia-cubana","tag-manuel-marrero","tag-primer-ministro-de-cuba"],"acf":[],"_links":{"self":[{"href":"https:\/\/www.radiosanctispiritus.cu\/es\/wp-json\/wp\/v2\/posts\/61067","targetHints":{"allow":["GET"]}}],"collection":[{"href":"https:\/\/www.radiosanctispiritus.cu\/es\/wp-json\/wp\/v2\/posts"}],"about":[{"href":"https:\/\/www.radiosanctispiritus.cu\/es\/wp-json\/wp\/v2\/types\/post"}],"author":[{"embeddable":true,"href":"https:\/\/www.radiosanctispiritus.cu\/es\/wp-json\/wp\/v2\/users\/123"}],"replies":[{"embeddable":true,"href":"https:\/\/www.radiosanctispiritus.cu\/es\/wp-json\/wp\/v2\/comments?post=61067"}],"version-history":[{"count":1,"href":"https:\/\/www.radiosanctispiritus.cu\/es\/wp-json\/wp\/v2\/posts\/61067\/revisions"}],"predecessor-version":[{"id":61069,"href":"https:\/\/www.radiosanctispiritus.cu\/es\/wp-json\/wp\/v2\/posts\/61067\/revisions\/61069"}],"wp:featuredmedia":[{"embeddable":true,"href":"https:\/\/www.radiosanctispiritus.cu\/es\/wp-json\/wp\/v2\/media\/61068"}],"wp:attachment":[{"href":"https:\/\/www.radiosanctispiritus.cu\/es\/wp-json\/wp\/v2\/media?parent=61067"}],"wp:term":[{"taxonomy":"category","embeddable":true,"href":"https:\/\/www.radiosanctispiritus.cu\/es\/wp-json\/wp\/v2\/categories?post=61067"},{"taxonomy":"post_tag","embeddable":true,"href":"https:\/\/www.radiosanctispiritus.cu\/es\/wp-json\/wp\/v2\/tags?post=61067"},{"taxonomy":"author","embeddable":true,"href":"https:\/\/www.radiosanctispiritus.cu\/es\/wp-json\/wp\/v2\/coauthors?post=61067"}],"curies":[{"name":"wp","href":"https:\/\/api.w.org\/{rel}","templated":true}]}}