{"id":61062,"date":"2026-01-08T20:52:00","date_gmt":"2026-01-09T01:52:00","guid":{"rendered":"https:\/\/www.radiosanctispiritus.cu\/es\/?p=61062"},"modified":"2026-01-08T16:36:31","modified_gmt":"2026-01-08T21:36:31","slug":"coloquio-de-la-cultura-trinitaria-apuesta-por-conservacion-del-patrimonio-de-la-villa","status":"publish","type":"post","link":"https:\/\/www.radiosanctispiritus.cu\/es\/coloquio-de-la-cultura-trinitaria-apuesta-por-conservacion-del-patrimonio-de-la-villa\/","title":{"rendered":"Coloquio de la cultura trinitaria apuesta por conservaci\u00f3n del patrimonio de la villa"},"content":{"rendered":"<p class=\"h2 font-normal\">La edici\u00f3n 37 del Coloquio de la cultura trinitaria abrir\u00e1 su espacio a investigadores y estudiosos de la tercera villa de Cuba a prop\u00f3sito de su aniversario 512 y la celebraci\u00f3n de 53 Semana de la Cultura.<\/p>\n<p class=\"h2 font-normal\">Seg\u00fan explic\u00f3 a la prensa, Yansiel Balmaceda, especialista en superaci\u00f3n e investigaci\u00f3n de la Direcci\u00f3n Municipal de Cultura y Arte, el evento est\u00e1 fijado para las nueve de la ma\u00f1ana de este viernes en la sala polivalente del Museo Nacional de la Lucha Contra Bandidos.<\/p>\n<p><iframe src=\"https:\/\/www.ivoox.com\/player_ej_166256258_6_1.html?c1=7a0d0b\" width=\"100%\" height=\"200\" frameborder=\"0\" scrolling=\"no\" allowfullscreen=\"allowfullscreen\"><\/iframe><\/p>\n","protected":false},"excerpt":{"rendered":"<p>La edici\u00f3n 37 del Coloquio de la cultura trinitaria abrir\u00e1 su espacio a investigadores y estudiosos de la tercera villa de Cuba a prop\u00f3sito de su aniversario 512 y la celebraci\u00f3n de 53 Semana de la Cultura.<\/p>\n","protected":false},"author":145,"featured_media":60977,"comment_status":"open","ping_status":"open","sticky":false,"template":"","format":"standard","meta":{"_acf_changed":false,"footnotes":""},"categories":[6,9,8,1],"tags":[1809,1646,32,54],"coauthors":[1886],"class_list":["post-61062","post","type-post","status-publish","format-standard","has-post-thumbnail","hentry","category-cultura","category-en-audio","category-noticia","category-sancti-spiritus","tag-ciudad-patrimonio-cultural-de-la-humanidad","tag-coloquio-de-la-cultura-trinitaria","tag-patrimonio","tag-trinidad-de-cuba"],"acf":[],"_links":{"self":[{"href":"https:\/\/www.radiosanctispiritus.cu\/es\/wp-json\/wp\/v2\/posts\/61062","targetHints":{"allow":["GET"]}}],"collection":[{"href":"https:\/\/www.radiosanctispiritus.cu\/es\/wp-json\/wp\/v2\/posts"}],"about":[{"href":"https:\/\/www.radiosanctispiritus.cu\/es\/wp-json\/wp\/v2\/types\/post"}],"author":[{"embeddable":true,"href":"https:\/\/www.radiosanctispiritus.cu\/es\/wp-json\/wp\/v2\/users\/145"}],"replies":[{"embeddable":true,"href":"https:\/\/www.radiosanctispiritus.cu\/es\/wp-json\/wp\/v2\/comments?post=61062"}],"version-history":[{"count":4,"href":"https:\/\/www.radiosanctispiritus.cu\/es\/wp-json\/wp\/v2\/posts\/61062\/revisions"}],"predecessor-version":[{"id":61066,"href":"https:\/\/www.radiosanctispiritus.cu\/es\/wp-json\/wp\/v2\/posts\/61062\/revisions\/61066"}],"wp:featuredmedia":[{"embeddable":true,"href":"https:\/\/www.radiosanctispiritus.cu\/es\/wp-json\/wp\/v2\/media\/60977"}],"wp:attachment":[{"href":"https:\/\/www.radiosanctispiritus.cu\/es\/wp-json\/wp\/v2\/media?parent=61062"}],"wp:term":[{"taxonomy":"category","embeddable":true,"href":"https:\/\/www.radiosanctispiritus.cu\/es\/wp-json\/wp\/v2\/categories?post=61062"},{"taxonomy":"post_tag","embeddable":true,"href":"https:\/\/www.radiosanctispiritus.cu\/es\/wp-json\/wp\/v2\/tags?post=61062"},{"taxonomy":"author","embeddable":true,"href":"https:\/\/www.radiosanctispiritus.cu\/es\/wp-json\/wp\/v2\/coauthors?post=61062"}],"curies":[{"name":"wp","href":"https:\/\/api.w.org\/{rel}","templated":true}]}}