{"id":61056,"date":"2026-01-08T14:56:49","date_gmt":"2026-01-08T19:56:49","guid":{"rendered":"https:\/\/www.radiosanctispiritus.cu\/es\/?p=61056"},"modified":"2026-01-08T14:56:49","modified_gmt":"2026-01-08T19:56:49","slug":"restablecen-vuelos-para-colaboradores-cubanos-en-venezuela","status":"publish","type":"post","link":"https:\/\/www.radiosanctispiritus.cu\/es\/restablecen-vuelos-para-colaboradores-cubanos-en-venezuela\/","title":{"rendered":"Restablecen vuelos para colaboradores cubanos en Venezuela"},"content":{"rendered":"<p>La Unidad Central de Cooperaci\u00f3n M\u00e9dica de Cuba inform\u00f3 desde su perfil en Facebook que fueron restablecidos los vuelos internacionales desde y hacia la Rep\u00fablica Bolivariana de Venezuela, lo que permiti\u00f3 reanudar los viajes de colaboradores cubanos de la Salud hacia la isla por concepto de vacaciones y t\u00e9rmino de misi\u00f3n.<\/p>\n<p>Durante los \u00faltimos meses de 2025, las dificultades con la transportaci\u00f3n a\u00e9rea y el cierre del espacio a\u00e9reo sobre Venezuela ocasionaron atrasos en los traslados de profesionales cubanos, seg\u00fan precis\u00f3 la entidad en nota oficial.<\/p>\n<p>El jefe de la misi\u00f3n m\u00e9dica, doctor Yuleyvis Mart\u00ednez Carmona, declar\u00f3 recientemente a la TV Cubana que todos los colaboradores permanecen seguros tras los ataques ocurridos, en la madrugada del s\u00e1bado 3 de enero, contra varias zonas de Venezuela.<\/p>\n<p>Mart\u00ednez Carmona asegur\u00f3 que los Centros Diagn\u00f3sticos Integrales, las Salas de Rehabilitaci\u00f3n Integral y los consultorios m\u00e9dicos populares no sufrieron da\u00f1os, por lo que la atenci\u00f3n sanitaria se mantiene garantizada en los estados de Miranda, La Guaira, Distrito Capital y Aragua.<\/p>\n<p>La brigada cumpli\u00f3 estrictamente los protocolos de seguridad establecidos, lo que permiti\u00f3 preservar la integridad de los profesionales y asegurar la continuidad de los servicios m\u00e9dicos.<\/p>\n<p>Autoridades del Ministerio de Salud P\u00fablica de Cuba sostuvieron intercambios directos con los colaboradores en Venezuela, contribuyendo a elevar el estado de \u00e1nimo y garantizar la confianza en el cumplimiento de la misi\u00f3n.<\/p>\n<p>La brigada m\u00e9dica cubana, presente en los 24 estados del pa\u00eds sudamericano, reafirm\u00f3 su compromiso de continuar apoyando al pueblo venezolano en las labores de salud p\u00fablica.<\/p>\n<p>Reanudar los viajes de colaboradores cubanos posibilita el reencuentro con sus familias, asegura el cierre organizado de las misiones y facilita la preparaci\u00f3n de nuevas rotaciones en distintas \u00e1reas, con el fin de mantener el apoyo a la naci\u00f3n bolivariana.<\/p>\n","protected":false},"excerpt":{"rendered":"<p>La Unidad Central de Cooperaci\u00f3n M\u00e9dica de Cuba inform\u00f3 desde su perfil en Facebook que fueron restablecidos los vuelos internacionales desde y hacia la Rep\u00fablica Bolivariana de Venezuela, lo que permiti\u00f3 reanudar los viajes de colaboradores cubanos de la Salud hacia la isla por concepto de vacaciones y t\u00e9rmino de misi\u00f3n.<\/p>\n","protected":false},"author":123,"featured_media":61057,"comment_status":"open","ping_status":"open","sticky":false,"template":"","format":"standard","meta":{"_acf_changed":false,"footnotes":""},"categories":[8,3],"tags":[63,241],"coauthors":[1895],"class_list":["post-61056","post","type-post","status-publish","format-standard","has-post-thumbnail","hentry","category-noticia","category-cuba","tag-colaboracion-medica","tag-cuba-venezuela"],"acf":[],"_links":{"self":[{"href":"https:\/\/www.radiosanctispiritus.cu\/es\/wp-json\/wp\/v2\/posts\/61056","targetHints":{"allow":["GET"]}}],"collection":[{"href":"https:\/\/www.radiosanctispiritus.cu\/es\/wp-json\/wp\/v2\/posts"}],"about":[{"href":"https:\/\/www.radiosanctispiritus.cu\/es\/wp-json\/wp\/v2\/types\/post"}],"author":[{"embeddable":true,"href":"https:\/\/www.radiosanctispiritus.cu\/es\/wp-json\/wp\/v2\/users\/123"}],"replies":[{"embeddable":true,"href":"https:\/\/www.radiosanctispiritus.cu\/es\/wp-json\/wp\/v2\/comments?post=61056"}],"version-history":[{"count":1,"href":"https:\/\/www.radiosanctispiritus.cu\/es\/wp-json\/wp\/v2\/posts\/61056\/revisions"}],"predecessor-version":[{"id":61058,"href":"https:\/\/www.radiosanctispiritus.cu\/es\/wp-json\/wp\/v2\/posts\/61056\/revisions\/61058"}],"wp:featuredmedia":[{"embeddable":true,"href":"https:\/\/www.radiosanctispiritus.cu\/es\/wp-json\/wp\/v2\/media\/61057"}],"wp:attachment":[{"href":"https:\/\/www.radiosanctispiritus.cu\/es\/wp-json\/wp\/v2\/media?parent=61056"}],"wp:term":[{"taxonomy":"category","embeddable":true,"href":"https:\/\/www.radiosanctispiritus.cu\/es\/wp-json\/wp\/v2\/categories?post=61056"},{"taxonomy":"post_tag","embeddable":true,"href":"https:\/\/www.radiosanctispiritus.cu\/es\/wp-json\/wp\/v2\/tags?post=61056"},{"taxonomy":"author","embeddable":true,"href":"https:\/\/www.radiosanctispiritus.cu\/es\/wp-json\/wp\/v2\/coauthors?post=61056"}],"curies":[{"name":"wp","href":"https:\/\/api.w.org\/{rel}","templated":true}]}}