{"id":60987,"date":"2026-01-07T13:08:31","date_gmt":"2026-01-07T18:08:31","guid":{"rendered":"https:\/\/www.radiosanctispiritus.cu\/es\/?p=60987"},"modified":"2026-01-07T13:08:31","modified_gmt":"2026-01-07T18:08:31","slug":"mexico-mantiene-sin-cambios-envio-de-petroleo-a-cuba","status":"publish","type":"post","link":"https:\/\/www.radiosanctispiritus.cu\/es\/mexico-mantiene-sin-cambios-envio-de-petroleo-a-cuba\/","title":{"rendered":"M\u00e9xico mantiene sin cambios env\u00edo de petr\u00f3leo a Cuba"},"content":{"rendered":"<p>La presidenta de M\u00e9xico, Claudia Sheinbaum, reafirm\u00f3 este mi\u00e9rcoles que su pa\u00eds env\u00eda petr\u00f3leo a Cuba como parte de contratos y de ayuda humanitaria, tras se\u00f1alar que no se est\u00e1 mandando m\u00e1s de lo enviado hist\u00f3ricamente.<\/p>\n<p>\u201cNo se est\u00e1 enviando m\u00e1s petr\u00f3leo del que se hab\u00eda enviado hist\u00f3ricamente. No hay un env\u00edo particular. Durante muchos a\u00f1os se ha enviado petr\u00f3leo a Cuba por distintas razones. Unas son contratos, otras son ayuda humanitaria\u201d, apunt\u00f3 la dignataria.<\/p>\n<p>Al responder a una pregunta sobre reportes de medios acerca de un supuesto incremento en estos env\u00edos, la jefa del Ejecutivo record\u00f3 que incluso en la \u00e9poca del exmandatario Enrique Pe\u00f1a Nieto (2012-2018) se condon\u00f3 una deuda que se ten\u00eda con la isla.<\/p>\n<p>\u201cEntonces, es un env\u00edo hist\u00f3rico que se ha dado a la isla y al pueblo cubano y ahora es parte tanto del contrato como de la ayuda humanitaria\u201d, precis\u00f3 la gobernante, al agregar que, \u201ccon la situaci\u00f3n actual de Venezuela, pues evidentemente M\u00e9xico se vuelve un proveedor importante\u201d.<\/p>\n<p>Sheinbaum destac\u00f3 el 22 de diciembre \u00faltimo el v\u00ednculo hist\u00f3rico entre su pa\u00eds y la mayor de las Antillas.<\/p>\n<p>\u201cLa relaci\u00f3n M\u00e9xico-Cuba es hist\u00f3rica. M\u00e9xico fue el \u00fanico pa\u00eds que se opuso en el primer momento al bloqueo (impuesto por Estados Unidos). Entonces, independientemente del partido pol\u00edtico ha habido relaci\u00f3n M\u00e9xico-Cuba\u201d, enfatiz\u00f3.<\/p>\n<p>De esta manera, la jefa del Ejecutivo respondi\u00f3 a una pregunta sobre el env\u00edo de petr\u00f3leo a esa naci\u00f3n, asediada desde hace m\u00e1s de 60 a\u00f1os por un cerco econ\u00f3mico, comercial y financiero aplicado por Washington que constituye a juicio de expertos el principal obst\u00e1culo al desarrollo de la isla.<\/p>\n<p>Al mencionar la cooperaci\u00f3n energ\u00e9tica y las visitas de l\u00edderes de Cuba a M\u00e9xico y viceversa durante d\u00e9cadas, sin importar el signo pol\u00edtico de los mandatarios en esta naci\u00f3n norteamericana, Sheinbaum recalc\u00f3 que los v\u00ednculos con el pa\u00eds antillano no son algo nuevo.<\/p>\n<p>\u201cNo es una situaci\u00f3n nueva y todo se hace en el marco de la ley y tambi\u00e9n por motivos humanitarios tambi\u00e9n al pueblo de Cuba\u201d, apunt\u00f3 al reiterar la soberan\u00eda de M\u00e9xico y mencionar que se da continuidad a una serie de apoyos que ha brindado hist\u00f3ricamente su naci\u00f3n a la mayor de las Antillas.<\/p>\n","protected":false},"excerpt":{"rendered":"<p>La presidenta de M\u00e9xico, Claudia Sheinbaum, reafirm\u00f3 este mi\u00e9rcoles que su pa\u00eds env\u00eda petr\u00f3leo a Cuba como parte de contratos y de ayuda humanitaria, tras se\u00f1alar que no se est\u00e1 mandando m\u00e1s de lo enviado hist\u00f3ricamente.<\/p>\n","protected":false},"author":22,"featured_media":60988,"comment_status":"open","ping_status":"open","sticky":false,"template":"","format":"standard","meta":{"_acf_changed":false,"footnotes":""},"categories":[8,3,4],"tags":[1316,62,150],"coauthors":[1882],"class_list":["post-60987","post","type-post","status-publish","format-standard","has-post-thumbnail","hentry","category-noticia","category-cuba","category-internacionales","tag-claudia-sheinbaum","tag-cuba-mexico","tag-petroleo"],"acf":[],"_links":{"self":[{"href":"https:\/\/www.radiosanctispiritus.cu\/es\/wp-json\/wp\/v2\/posts\/60987","targetHints":{"allow":["GET"]}}],"collection":[{"href":"https:\/\/www.radiosanctispiritus.cu\/es\/wp-json\/wp\/v2\/posts"}],"about":[{"href":"https:\/\/www.radiosanctispiritus.cu\/es\/wp-json\/wp\/v2\/types\/post"}],"author":[{"embeddable":true,"href":"https:\/\/www.radiosanctispiritus.cu\/es\/wp-json\/wp\/v2\/users\/22"}],"replies":[{"embeddable":true,"href":"https:\/\/www.radiosanctispiritus.cu\/es\/wp-json\/wp\/v2\/comments?post=60987"}],"version-history":[{"count":1,"href":"https:\/\/www.radiosanctispiritus.cu\/es\/wp-json\/wp\/v2\/posts\/60987\/revisions"}],"predecessor-version":[{"id":60989,"href":"https:\/\/www.radiosanctispiritus.cu\/es\/wp-json\/wp\/v2\/posts\/60987\/revisions\/60989"}],"wp:featuredmedia":[{"embeddable":true,"href":"https:\/\/www.radiosanctispiritus.cu\/es\/wp-json\/wp\/v2\/media\/60988"}],"wp:attachment":[{"href":"https:\/\/www.radiosanctispiritus.cu\/es\/wp-json\/wp\/v2\/media?parent=60987"}],"wp:term":[{"taxonomy":"category","embeddable":true,"href":"https:\/\/www.radiosanctispiritus.cu\/es\/wp-json\/wp\/v2\/categories?post=60987"},{"taxonomy":"post_tag","embeddable":true,"href":"https:\/\/www.radiosanctispiritus.cu\/es\/wp-json\/wp\/v2\/tags?post=60987"},{"taxonomy":"author","embeddable":true,"href":"https:\/\/www.radiosanctispiritus.cu\/es\/wp-json\/wp\/v2\/coauthors?post=60987"}],"curies":[{"name":"wp","href":"https:\/\/api.w.org\/{rel}","templated":true}]}}