{"id":60901,"date":"2026-01-06T14:17:27","date_gmt":"2026-01-06T19:17:27","guid":{"rendered":"https:\/\/www.radiosanctispiritus.cu\/es\/?p=60901"},"modified":"2026-01-06T12:00:13","modified_gmt":"2026-01-06T17:00:13","slug":"actores-economicos-no-estatales-realizan-aportes-significativos-a-afectados-por-huracan-melissa","status":"publish","type":"post","link":"https:\/\/www.radiosanctispiritus.cu\/es\/actores-economicos-no-estatales-realizan-aportes-significativos-a-afectados-por-huracan-melissa\/","title":{"rendered":"Actores econ\u00f3micos no estatales realizan aportes significativos a afectados por hurac\u00e1n Melissa"},"content":{"rendered":"<p>Aportes significativos han realizado los actores econ\u00f3micos no estatales del territorio a las provincias orientales afectadas por el paso del hurac\u00e1n Melissa el pasado a\u00f1o.<\/p>\n<p>Daicel Garc\u00eda Bello, directora de Desarrollo Territorial del Gobierno Provincial, destac\u00f3 que Sancti Sp\u00edritus ha tenido una participaci\u00f3n activa en ese sentido.<\/p>\n<p><iframe src=\"https:\/\/www.ivoox.com\/player_ej_166028853_6_1.html?c1=7a0d0b\" width=\"100%\" height=\"200\" frameborder=\"0\" scrolling=\"no\" allowfullscreen=\"allowfullscreen\"><\/iframe><\/p>\n","protected":false},"excerpt":{"rendered":"<p>Aportes significativos han realizado los actores econ\u00f3micos no estatales del territorio a las provincias orientales afectadas por el paso del hurac\u00e1n Melissa el pasado a\u00f1o.<\/p>\n","protected":false},"author":14,"featured_media":60910,"comment_status":"open","ping_status":"open","sticky":false,"template":"","format":"standard","meta":{"_acf_changed":false,"footnotes":""},"categories":[16,8,1],"tags":[2148,2089],"coauthors":[1915],"class_list":["post-60901","post","type-post","status-publish","format-standard","has-post-thumbnail","hentry","category-economia","category-noticia","category-sancti-spiritus","tag-huracan-melissa","tag-melissa"],"acf":[],"_links":{"self":[{"href":"https:\/\/www.radiosanctispiritus.cu\/es\/wp-json\/wp\/v2\/posts\/60901","targetHints":{"allow":["GET"]}}],"collection":[{"href":"https:\/\/www.radiosanctispiritus.cu\/es\/wp-json\/wp\/v2\/posts"}],"about":[{"href":"https:\/\/www.radiosanctispiritus.cu\/es\/wp-json\/wp\/v2\/types\/post"}],"author":[{"embeddable":true,"href":"https:\/\/www.radiosanctispiritus.cu\/es\/wp-json\/wp\/v2\/users\/14"}],"replies":[{"embeddable":true,"href":"https:\/\/www.radiosanctispiritus.cu\/es\/wp-json\/wp\/v2\/comments?post=60901"}],"version-history":[{"count":3,"href":"https:\/\/www.radiosanctispiritus.cu\/es\/wp-json\/wp\/v2\/posts\/60901\/revisions"}],"predecessor-version":[{"id":60906,"href":"https:\/\/www.radiosanctispiritus.cu\/es\/wp-json\/wp\/v2\/posts\/60901\/revisions\/60906"}],"wp:featuredmedia":[{"embeddable":true,"href":"https:\/\/www.radiosanctispiritus.cu\/es\/wp-json\/wp\/v2\/media\/60910"}],"wp:attachment":[{"href":"https:\/\/www.radiosanctispiritus.cu\/es\/wp-json\/wp\/v2\/media?parent=60901"}],"wp:term":[{"taxonomy":"category","embeddable":true,"href":"https:\/\/www.radiosanctispiritus.cu\/es\/wp-json\/wp\/v2\/categories?post=60901"},{"taxonomy":"post_tag","embeddable":true,"href":"https:\/\/www.radiosanctispiritus.cu\/es\/wp-json\/wp\/v2\/tags?post=60901"},{"taxonomy":"author","embeddable":true,"href":"https:\/\/www.radiosanctispiritus.cu\/es\/wp-json\/wp\/v2\/coauthors?post=60901"}],"curies":[{"name":"wp","href":"https:\/\/api.w.org\/{rel}","templated":true}]}}