{"id":60873,"date":"2026-01-06T09:00:08","date_gmt":"2026-01-06T14:00:08","guid":{"rendered":"https:\/\/www.radiosanctispiritus.cu\/es\/?p=60873"},"modified":"2026-01-06T09:47:35","modified_gmt":"2026-01-06T14:47:35","slug":"a-los-combatientes-cubanos-caidos-en-venezuela-honor-y-gloria","status":"publish","type":"post","link":"https:\/\/www.radiosanctispiritus.cu\/es\/a-los-combatientes-cubanos-caidos-en-venezuela-honor-y-gloria\/","title":{"rendered":"A los combatientes cubanos ca\u00eddos en Venezuela: \u00a1Honor y gloria!"},"content":{"rendered":"<p>V\u00edctimas de un nuevo acto criminal de agresi\u00f3n y terrorismo de Estado, perpetrado contra la hermana Rep\u00fablica Bolivariana de Venezuela por parte de Estados Unidos, perdieron la vida en acciones combativas y tras f\u00e9rrea resistencia 32 cubanos, quienes cumpl\u00edan misiones en representaci\u00f3n de las Fuerzas Armadas Revolucionarias y el Ministerio del Interior, a solicitud de \u00f3rganos hom\u00f3logos del pa\u00eds sudamericano.<\/p>\n<p>COMBATIENTES DEL MINISTERIO DEL INTERIOR<\/p>\n<p>Coronel Humberto Alfonso Roca S\u00e1nchez (67 a\u00f1os)<\/p>\n<p>Coronel L\u00e1zaro Evangelio Rodr\u00edguez Rodr\u00edguez (62 a\u00f1os)<\/p>\n<p>Mayor Rodney Izquierdo Vald\u00e9s (51 a\u00f1os)<\/p>\n<p>Mayor Ismael Terrero Ge (47 a\u00f1os)<\/p>\n<p>Capit\u00e1n Yoel P\u00e9rez Tabares (48 a\u00f1os)<\/p>\n<p>Capit\u00e1n Addriel Adri\u00e1n Socartas Tamayo<\/p>\n<p>(32 a\u00f1os)<\/p>\n<p>Teniente coronel Orlando Osoria L\u00f3pez (45 a\u00f1os)<\/p>\n<p>Mayor Rubiel D\u00edaz Cabrera (53 a\u00f1os)<\/p>\n<p>Mayor Hern\u00e1n Gonz\u00e1lez Perera (43 a\u00f1os)<\/p>\n<p>Capit\u00e1n Bismar Mora Aponta (50 a\u00f1os)<\/p>\n<p>Primer teniente Yorlenis Rev\u00e9 Cuza (36 a\u00f1os)<\/p>\n<p>Primer teniente Alejandro Rodr\u00edguez Royo (35 a\u00f1os)<\/p>\n<p>Primer teniente Erdwin Rosabal Avalos (35 a\u00f1os)<\/p>\n<p>Primer teniente Daniel Torralba D\u00edaz (34 a\u00f1os)<\/p>\n<p>Primer teniente Yandrys Gonz\u00e1lez Vega (45 a\u00f1os)<\/p>\n<p>Primer teniente Yordanys Marionis N\u00fa\u00f1ez (43 a\u00f1os)<\/p>\n<p>Primer teniente Yunior Est\u00e9vez Samon (32 a\u00f1os)<\/p>\n<p>Teniente Yasmani Dom\u00ednguez Cardero (32 a\u00f1os)<\/p>\n<p>Teniente Fernando Antonio B\u00e1ez Hidalgo (26 a\u00f1os)<\/p>\n<p>Teniente Yoandys Rojas P\u00e9rez<\/p>\n<p>Primer suboficial Giorki Verdecia Garc\u00eda (30 a\u00f1os)<\/p>\n<p><strong>COMBATIENTES DE LAS FUERZAS ARMADAS REVOLUCIONARIAS<\/strong><\/p>\n<p>Capit\u00e1n Adri\u00e1n P\u00e9rez Beades (34 a\u00f1os)<\/p>\n<p>Suboficial mayor Suriel Godales Alarc\u00f3n (42 a\u00f1os)<\/p>\n<p>Soldado (r) Adelkis Ayala Almenares (45 a\u00f1os)<\/p>\n<p>Soldado (r) Alexander Noda Guti\u00e9rrez (48 a\u00f1os)<\/p>\n<p>Soldado (r) Ervis Mart\u00ednez Herrera (52 a\u00f1os)<\/p>\n<p>Soldado (r) Juan Carlos Guerrero Cisneros (55 a\u00f1os)<\/p>\n<p>Soldado (r) Juan David Vargas Vaillant (54 a\u00f1os)<\/p>\n<p>Soldado (r) Rafael Enrique Moreno Font (35 a\u00f1os)<\/p>\n<p>Soldado (r) Luis Alberto Hidalgo Canals (57 a\u00f1os)<\/p>\n<p>Soldado (r) Luis Manuel Jardines Castro (59 a\u00f1os)<\/p>\n<p>Soldado (r) Sandy Amita L\u00f3pez (37 a\u00f1os)<\/p>\n<p><img decoding=\"async\" class=\"size-medium wp-image-60883 aligncenter\" src=\"https:\/\/www.radiosanctispiritus.cu\/es\/wp-content\/uploads\/MININT-12-600x318.jpg\" alt=\"\" width=\"600\" height=\"318\" srcset=\"https:\/\/www.radiosanctispiritus.cu\/es\/wp-content\/uploads\/MININT-12-600x318.jpg 600w, https:\/\/www.radiosanctispiritus.cu\/es\/wp-content\/uploads\/MININT-12-768x408.jpg 768w, https:\/\/www.radiosanctispiritus.cu\/es\/wp-content\/uploads\/MININT-12.jpg 942w\" sizes=\"(max-width: 600px) 100vw, 600px\" \/><\/p>\n<p><img decoding=\"async\" class=\"size-medium wp-image-60884 aligncenter\" src=\"https:\/\/www.radiosanctispiritus.cu\/es\/wp-content\/uploads\/MININT-34-600x294.jpg\" alt=\"\" width=\"600\" height=\"294\" srcset=\"https:\/\/www.radiosanctispiritus.cu\/es\/wp-content\/uploads\/MININT-34-600x294.jpg 600w, https:\/\/www.radiosanctispiritus.cu\/es\/wp-content\/uploads\/MININT-34-768x377.jpg 768w, https:\/\/www.radiosanctispiritus.cu\/es\/wp-content\/uploads\/MININT-34.jpg 979w\" sizes=\"(max-width: 600px) 100vw, 600px\" \/><img decoding=\"async\" class=\"size-medium wp-image-60885 aligncenter\" src=\"https:\/\/www.radiosanctispiritus.cu\/es\/wp-content\/uploads\/MININT-56-600x353.jpg\" alt=\"\" width=\"600\" height=\"353\" srcset=\"https:\/\/www.radiosanctispiritus.cu\/es\/wp-content\/uploads\/MININT-56-600x353.jpg 600w, https:\/\/www.radiosanctispiritus.cu\/es\/wp-content\/uploads\/MININT-56.jpg 757w\" sizes=\"(max-width: 600px) 100vw, 600px\" \/><\/p>\n<p><img decoding=\"async\" class=\"size-medium wp-image-60886 aligncenter\" src=\"https:\/\/www.radiosanctispiritus.cu\/es\/wp-content\/uploads\/FAR-123-600x612.jpg\" alt=\"\" width=\"600\" height=\"612\" srcset=\"https:\/\/www.radiosanctispiritus.cu\/es\/wp-content\/uploads\/FAR-123-600x612.jpg 600w, https:\/\/www.radiosanctispiritus.cu\/es\/wp-content\/uploads\/FAR-123.jpg 629w\" sizes=\"(max-width: 600px) 100vw, 600px\" \/><\/p>\n<p><img decoding=\"async\" class=\"size-medium wp-image-60887 aligncenter\" src=\"https:\/\/www.radiosanctispiritus.cu\/es\/wp-content\/uploads\/FAR-4-600x556.jpg\" alt=\"\" width=\"600\" height=\"556\" srcset=\"https:\/\/www.radiosanctispiritus.cu\/es\/wp-content\/uploads\/FAR-4-600x556.jpg 600w, https:\/\/www.radiosanctispiritus.cu\/es\/wp-content\/uploads\/FAR-4.jpg 615w\" sizes=\"(max-width: 600px) 100vw, 600px\" \/><\/p>\n<p><img decoding=\"async\" class=\"size-medium wp-image-60888 aligncenter\" src=\"https:\/\/www.radiosanctispiritus.cu\/es\/wp-content\/uploads\/FAR-5-600x548.jpg\" alt=\"\" width=\"600\" height=\"548\" srcset=\"https:\/\/www.radiosanctispiritus.cu\/es\/wp-content\/uploads\/FAR-5-600x548.jpg 600w, https:\/\/www.radiosanctispiritus.cu\/es\/wp-content\/uploads\/FAR-5.jpg 615w\" sizes=\"(max-width: 600px) 100vw, 600px\" \/><\/p>\n","protected":false},"excerpt":{"rendered":"<p>V\u00edctimas de un nuevo acto criminal de agresi\u00f3n y terrorismo de Estado, perpetrado contra la hermana Rep\u00fablica Bolivariana de Venezuela por parte de Estados Unidos, perdieron la vida en acciones combativas y tras f\u00e9rrea resistencia 32 cubanos, quienes cumpl\u00edan misiones en representaci\u00f3n de las Fuerzas Armadas Revolucionarias y el Ministerio del Interior, a solicitud de \u00f3rganos hom\u00f3logos del pa\u00eds sudamericano.<\/p>\n","protected":false},"author":26,"featured_media":60817,"comment_status":"open","ping_status":"open","sticky":false,"template":"","format":"standard","meta":{"_acf_changed":false,"footnotes":""},"categories":[8,3,4],"tags":[241,1215,213,1081],"coauthors":[1887],"class_list":["post-60873","post","type-post","status-publish","format-standard","has-post-thumbnail","hentry","category-noticia","category-cuba","category-internacionales","tag-cuba-venezuela","tag-minfar","tag-minint","tag-venezuela-ee-uu"],"acf":[],"_links":{"self":[{"href":"https:\/\/www.radiosanctispiritus.cu\/es\/wp-json\/wp\/v2\/posts\/60873","targetHints":{"allow":["GET"]}}],"collection":[{"href":"https:\/\/www.radiosanctispiritus.cu\/es\/wp-json\/wp\/v2\/posts"}],"about":[{"href":"https:\/\/www.radiosanctispiritus.cu\/es\/wp-json\/wp\/v2\/types\/post"}],"author":[{"embeddable":true,"href":"https:\/\/www.radiosanctispiritus.cu\/es\/wp-json\/wp\/v2\/users\/26"}],"replies":[{"embeddable":true,"href":"https:\/\/www.radiosanctispiritus.cu\/es\/wp-json\/wp\/v2\/comments?post=60873"}],"version-history":[{"count":5,"href":"https:\/\/www.radiosanctispiritus.cu\/es\/wp-json\/wp\/v2\/posts\/60873\/revisions"}],"predecessor-version":[{"id":60890,"href":"https:\/\/www.radiosanctispiritus.cu\/es\/wp-json\/wp\/v2\/posts\/60873\/revisions\/60890"}],"wp:featuredmedia":[{"embeddable":true,"href":"https:\/\/www.radiosanctispiritus.cu\/es\/wp-json\/wp\/v2\/media\/60817"}],"wp:attachment":[{"href":"https:\/\/www.radiosanctispiritus.cu\/es\/wp-json\/wp\/v2\/media?parent=60873"}],"wp:term":[{"taxonomy":"category","embeddable":true,"href":"https:\/\/www.radiosanctispiritus.cu\/es\/wp-json\/wp\/v2\/categories?post=60873"},{"taxonomy":"post_tag","embeddable":true,"href":"https:\/\/www.radiosanctispiritus.cu\/es\/wp-json\/wp\/v2\/tags?post=60873"},{"taxonomy":"author","embeddable":true,"href":"https:\/\/www.radiosanctispiritus.cu\/es\/wp-json\/wp\/v2\/coauthors?post=60873"}],"curies":[{"name":"wp","href":"https:\/\/api.w.org\/{rel}","templated":true}]}}