{"id":60845,"date":"2026-01-06T04:23:42","date_gmt":"2026-01-06T09:23:42","guid":{"rendered":"https:\/\/www.radiosanctispiritus.cu\/es\/?p=60845"},"modified":"2026-01-06T13:16:15","modified_gmt":"2026-01-06T18:16:15","slug":"reporta-sancti-spiritus-segunda-tasa-de-mortalidad-infantil-mas-baja-del-pais","status":"publish","type":"post","link":"https:\/\/www.radiosanctispiritus.cu\/es\/reporta-sancti-spiritus-segunda-tasa-de-mortalidad-infantil-mas-baja-del-pais\/","title":{"rendered":"Reporta Sancti Sp\u00edritus segunda tasa de mortalidad infantil m\u00e1s baja del pa\u00eds"},"content":{"rendered":"<p>Con una tasa de mortalidad en menores de un a\u00f1o de 5.1 por cada 1.000 nacidos vivos, Sancti Sp\u00edritus se ubic\u00f3, al cierre del a\u00f1o 2025, en el segundo lugar del pa\u00eds en este indicador, considerado de alta prioridad dentro del Sistema Nacional de Salud.<\/p>\n<p>El Dr. Francisco Garc\u00eda Gonz\u00e1lez, al frente del Programa Materno-Infantil en la Direcci\u00f3n Provincial de Salud, destac\u00f3 el hecho de que, con 2.540 nacimientos en 2025, el territorio fren\u00f3 el decrecimiento de la natalidad, lo cual no se lograba desde hace una d\u00e9cada.<\/p>\n<p>\u00abTenemos que decir que la provincia, en los \u00faltimos 10 a\u00f1os, hab\u00eda obtenido siempre una disminuci\u00f3n de la natalidad, menos nacimientos comparando a un a\u00f1o con el otro. Sin embargo, el hecho solo de tener el decrecimiento es algo muy significativo\u00bb, afirm\u00f3 la fuente.<\/p>\n<p>Seg\u00fan Garc\u00eda Gonz\u00e1lez, a pesar de limitaciones en personal, insumos y medicamentos, la provincia sostuvo la atenci\u00f3n materno-infantil como prioridad, con lo cual han minimizado visibles riesgos y sus impactos.<\/p>\n<p>Al decir del jefe del Programa Materno-Infantil en Sancti Sp\u00edritus, el a\u00f1o anterior se actualizaron estrategias para disminuir el embarazo en la adolescencia, indicador que mejor\u00f3 a partir de una mayor responsabilidad intersectorial.<\/p>\n<p><iframe src=\"https:\/\/www.ivoox.com\/player_ej_165951347_6_1.html?c1=7a0d0b\" width=\"100%\" height=\"200\" frameborder=\"0\" scrolling=\"no\" allowfullscreen=\"allowfullscreen\"><\/iframe><\/p>\n","protected":false},"excerpt":{"rendered":"<p>Con una tasa de mortalidad en menores de un a\u00f1o de 5.1 por cada 1.000 nacidos vivos, Sancti Spiritus se ubic\u00f3, al cierre del a\u00f1o 2025, en el segundo lugar del pa\u00eds en este indicador,<\/p>\n","protected":false},"author":29,"featured_media":21582,"comment_status":"open","ping_status":"open","sticky":false,"template":"","format":"standard","meta":{"_acf_changed":false,"footnotes":""},"categories":[5,9],"tags":[],"coauthors":[1856],"class_list":["post-60845","post","type-post","status-publish","format-standard","has-post-thumbnail","hentry","category-salud","category-en-audio"],"acf":[],"_links":{"self":[{"href":"https:\/\/www.radiosanctispiritus.cu\/es\/wp-json\/wp\/v2\/posts\/60845","targetHints":{"allow":["GET"]}}],"collection":[{"href":"https:\/\/www.radiosanctispiritus.cu\/es\/wp-json\/wp\/v2\/posts"}],"about":[{"href":"https:\/\/www.radiosanctispiritus.cu\/es\/wp-json\/wp\/v2\/types\/post"}],"author":[{"embeddable":true,"href":"https:\/\/www.radiosanctispiritus.cu\/es\/wp-json\/wp\/v2\/users\/29"}],"replies":[{"embeddable":true,"href":"https:\/\/www.radiosanctispiritus.cu\/es\/wp-json\/wp\/v2\/comments?post=60845"}],"version-history":[{"count":5,"href":"https:\/\/www.radiosanctispiritus.cu\/es\/wp-json\/wp\/v2\/posts\/60845\/revisions"}],"predecessor-version":[{"id":60915,"href":"https:\/\/www.radiosanctispiritus.cu\/es\/wp-json\/wp\/v2\/posts\/60845\/revisions\/60915"}],"wp:featuredmedia":[{"embeddable":true,"href":"https:\/\/www.radiosanctispiritus.cu\/es\/wp-json\/wp\/v2\/media\/21582"}],"wp:attachment":[{"href":"https:\/\/www.radiosanctispiritus.cu\/es\/wp-json\/wp\/v2\/media?parent=60845"}],"wp:term":[{"taxonomy":"category","embeddable":true,"href":"https:\/\/www.radiosanctispiritus.cu\/es\/wp-json\/wp\/v2\/categories?post=60845"},{"taxonomy":"post_tag","embeddable":true,"href":"https:\/\/www.radiosanctispiritus.cu\/es\/wp-json\/wp\/v2\/tags?post=60845"},{"taxonomy":"author","embeddable":true,"href":"https:\/\/www.radiosanctispiritus.cu\/es\/wp-json\/wp\/v2\/coauthors?post=60845"}],"curies":[{"name":"wp","href":"https:\/\/api.w.org\/{rel}","templated":true}]}}