{"id":60691,"date":"2026-01-03T08:35:38","date_gmt":"2026-01-03T13:35:38","guid":{"rendered":"https:\/\/www.radiosanctispiritus.cu\/es\/?p=60691"},"modified":"2026-01-03T08:35:38","modified_gmt":"2026-01-03T13:35:38","slug":"cuba-registra-tasa-de-mortalidad-infantil-de-9-9-al-cierre-de-2025","status":"publish","type":"post","link":"https:\/\/www.radiosanctispiritus.cu\/es\/cuba-registra-tasa-de-mortalidad-infantil-de-9-9-al-cierre-de-2025\/","title":{"rendered":"Cuba registra tasa de mortalidad infantil de 9.9 al cierre de 2025"},"content":{"rendered":"<p>Cuba cerr\u00f3 el a\u00f1o 2025 con una tasa de mortalidad infantil en menores de un a\u00f1o de 9.9 por cada mil nacidos vivos, seg\u00fan datos preliminares divulgados este s\u00e1bado por el Ministerio de Salud P\u00fablica (Minsap).<\/p>\n<p>En Cuba, donde el cuidado de cada ni\u00f1o se defiende como el m\u00e1s valioso tesoro, el Programa de Atenci\u00f3n Materno Infantil (PAMI) contin\u00faa siendo prioridad para el Sistema Nacional de Salud, rese\u00f1\u00f3 el Minsap en su portal digital.<\/p>\n<p>Durante los \u00faltimos 12 meses, en Cuba se reportaron 68 mil 51 nacimientos, lo cual significa tres mil 108 nacidos menos que en 2024, cuando hubo una tasa de mortalidad infantil en menores de un a\u00f1o de 7.1 por cada mil nacidos vivos.<\/p>\n<p>La reducci\u00f3n en la natalidad ha sido un comportamiento habitual en los \u00faltimos a\u00f1os y es consecuencia de la situaci\u00f3n demogr\u00e1fica que manifiesta todo el pa\u00eds.<\/p>\n<p>A pesar de las complejidades, 17 municipios no reportaron fallecidos menores de un a\u00f1o, lo cual constituye uno de los indicadores m\u00e1s favorables del periodo.<\/p>\n<p>La tasa de mortalidad materna result\u00f3 de 44.1 por 100 mil nacidos vivos, contra 40.6 en 2024.<\/p>\n<p>El incremento de un a\u00f1o respecto al otro fue de una muerte materna, y no obstante esos resultados, en 2025 se produjo el segundo menor n\u00famero total de fallecidas en la historia de la Salud P\u00fablica cubana.<\/p>\n<p>Provincias como Artemisa y Camag\u00fcey, as\u00ed como el municipio especial Isla de la Juventud, no tuvieron fallecimientos relacionados con el embarazo, parto o puerperio, y m\u00e1s de un centenar de municipios alcanzaron ese mismo resultado.<\/p>\n<p>Gracias a la atenci\u00f3n oportuna, fueron 321 pacientes con morbilidad materna extremadamente grave salvadas de esa condici\u00f3n cr\u00edtica.<\/p>\n<p>Asimismo, la tasa de mortalidad preescolar fue de 3.7 por cada 10 mil habitantes, disminuyendo en comparaci\u00f3n con el a\u00f1o anterior en 24.3 por ciento.<\/p>\n<p>La tasa de mortalidad escolar fue de 2.2 por 10 mil habitantes, igual al a\u00f1o anterior, aunque en n\u00fameros absolutos fueron siete fallecidos menos.<\/p>\n<p>El Minsap reconoci\u00f3 los efectos negativos en los servicios de salud de elementos que afectan al pa\u00eds como la dif\u00edcil situaci\u00f3n econ\u00f3mica y el recrudecimiento del bloqueo econ\u00f3mico de Estados Unidos, que ocasiona limitaciones en medicamentos, insumos y equipamiento m\u00e9dicos.<\/p>\n<p>Tambi\u00e9n la circulaci\u00f3n de arbovirosis y el impacto de fen\u00f3menos naturales como huracanes e intensas lluvias.<\/p>\n<p>Entre las acciones realizadas en 2025 por instituciones de Salud y otros sectores para el cuidado a madres e infantes sobresalen el seguimiento a enfermedades preexistentes a la gestaci\u00f3n y el manejo integral de la enfermedad hipertensiva del embarazo.<\/p>\n<p>Asimismo, el chequeo sistem\u00e1tico a los casos de alto riesgo obst\u00e9trico; las medidas para disminuir el bajo peso al nacer y la incidencia del parto pret\u00e9rmino.<\/p>\n<p>A todo ello se suma la atenci\u00f3n a las mujeres en edad f\u00e9rtil, embarazadas, pu\u00e9rperas y ni\u00f1os.<\/p>\n<p>En 2025 se actualizaron estrategias para disminuir el embarazo en la adolescencia, indicador que mejor\u00f3 respecto a 2024 a partir de una mayor responsabilidad intersectorial con la prevenci\u00f3n y la atenci\u00f3n a las adolescentes.<\/p>\n<p>De manera especial, se concret\u00f3 por primera vez en Cuba la vacunaci\u00f3n contra el neumococo, un paso trascendental en la disminuci\u00f3n de la morbilidad y los fallecimientos por infecciones respiratorias agudas en los primeros a\u00f1os de vida.<\/p>\n<p>Igualmente, se introdujo la vacuna contra el Virus del Papiloma Humano para la prevenci\u00f3n del c\u00e1ncer cervicouterino desde edades tempranas.<\/p>\n","protected":false},"excerpt":{"rendered":"<p>Cuba cerr\u00f3 el a\u00f1o 2025 con una tasa de mortalidad infantil en menores de un a\u00f1o de 9.9 por cada mil nacidos vivos, seg\u00fan datos preliminares divulgados este s\u00e1bado por el Ministerio de Salud P\u00fablica.<\/p>\n","protected":false},"author":22,"featured_media":24657,"comment_status":"open","ping_status":"open","sticky":false,"template":"","format":"standard","meta":{"_acf_changed":false,"footnotes":""},"categories":[8,3,5],"tags":[597,598,1812],"coauthors":[1882],"class_list":["post-60691","post","type-post","status-publish","format-standard","has-post-thumbnail","hentry","category-noticia","category-cuba","category-salud","tag-mortalidad-infantil","tag-pami","tag-salud-cubana"],"acf":[],"_links":{"self":[{"href":"https:\/\/www.radiosanctispiritus.cu\/es\/wp-json\/wp\/v2\/posts\/60691","targetHints":{"allow":["GET"]}}],"collection":[{"href":"https:\/\/www.radiosanctispiritus.cu\/es\/wp-json\/wp\/v2\/posts"}],"about":[{"href":"https:\/\/www.radiosanctispiritus.cu\/es\/wp-json\/wp\/v2\/types\/post"}],"author":[{"embeddable":true,"href":"https:\/\/www.radiosanctispiritus.cu\/es\/wp-json\/wp\/v2\/users\/22"}],"replies":[{"embeddable":true,"href":"https:\/\/www.radiosanctispiritus.cu\/es\/wp-json\/wp\/v2\/comments?post=60691"}],"version-history":[{"count":1,"href":"https:\/\/www.radiosanctispiritus.cu\/es\/wp-json\/wp\/v2\/posts\/60691\/revisions"}],"predecessor-version":[{"id":60692,"href":"https:\/\/www.radiosanctispiritus.cu\/es\/wp-json\/wp\/v2\/posts\/60691\/revisions\/60692"}],"wp:featuredmedia":[{"embeddable":true,"href":"https:\/\/www.radiosanctispiritus.cu\/es\/wp-json\/wp\/v2\/media\/24657"}],"wp:attachment":[{"href":"https:\/\/www.radiosanctispiritus.cu\/es\/wp-json\/wp\/v2\/media?parent=60691"}],"wp:term":[{"taxonomy":"category","embeddable":true,"href":"https:\/\/www.radiosanctispiritus.cu\/es\/wp-json\/wp\/v2\/categories?post=60691"},{"taxonomy":"post_tag","embeddable":true,"href":"https:\/\/www.radiosanctispiritus.cu\/es\/wp-json\/wp\/v2\/tags?post=60691"},{"taxonomy":"author","embeddable":true,"href":"https:\/\/www.radiosanctispiritus.cu\/es\/wp-json\/wp\/v2\/coauthors?post=60691"}],"curies":[{"name":"wp","href":"https:\/\/api.w.org\/{rel}","templated":true}]}}