{"id":60674,"date":"2026-01-03T07:34:54","date_gmt":"2026-01-03T12:34:54","guid":{"rendered":"https:\/\/www.radiosanctispiritus.cu\/es\/?p=60674"},"modified":"2026-01-03T07:34:54","modified_gmt":"2026-01-03T12:34:54","slug":"minsap-confirma-la-seguridad-de-la-mision-medica-cubana-en-venezuela","status":"publish","type":"post","link":"https:\/\/www.radiosanctispiritus.cu\/es\/minsap-confirma-la-seguridad-de-la-mision-medica-cubana-en-venezuela\/","title":{"rendered":"MINSAP confirma la seguridad de la misi\u00f3n m\u00e9dica cubana en Venezuela"},"content":{"rendered":"<p>A trav\u00e9s de un mensaje desde su cuenta en la red social X, Jos\u00e9 \u00c1ngel Portal Miranda, titular del sector, ratific\u00f3 la posici\u00f3n de rechazo absoluto a las acciones que amenazan la soberan\u00eda y la paz de Venezuela<strong>.<\/strong><\/p>\n<p>De manera simult\u00e1nea, el MINSAP inform\u00f3 que mantiene comunicaci\u00f3n permanente con los responsables de la misi\u00f3n m\u00e9dica cubana en territorio venezolano. La cartera de salud asegur\u00f3 de forma expl\u00edcita que \u201cnuestros colaboradores se encuentran protegidos\u201d, concluy\u00f3.<\/p>\n","protected":false},"excerpt":{"rendered":"<p>El ministro de Salud P\u00fablica Jos\u00e9 \u00c1ngel Portal Miranda inform\u00f3 que se mantiene comunicaci\u00f3n permanente con los responsables de la misi\u00f3n m\u00e9dica cubana en territorio venezolano.<\/p>\n","protected":false},"author":26,"featured_media":60676,"comment_status":"open","ping_status":"open","sticky":false,"template":"","format":"standard","meta":{"_acf_changed":false,"footnotes":""},"categories":[8,3,4],"tags":[63,241,384],"coauthors":[1887],"class_list":["post-60674","post","type-post","status-publish","format-standard","has-post-thumbnail","hentry","category-noticia","category-cuba","category-internacionales","tag-colaboracion-medica","tag-cuba-venezuela","tag-ministerio-de-salud-publica-minsap"],"acf":[],"_links":{"self":[{"href":"https:\/\/www.radiosanctispiritus.cu\/es\/wp-json\/wp\/v2\/posts\/60674","targetHints":{"allow":["GET"]}}],"collection":[{"href":"https:\/\/www.radiosanctispiritus.cu\/es\/wp-json\/wp\/v2\/posts"}],"about":[{"href":"https:\/\/www.radiosanctispiritus.cu\/es\/wp-json\/wp\/v2\/types\/post"}],"author":[{"embeddable":true,"href":"https:\/\/www.radiosanctispiritus.cu\/es\/wp-json\/wp\/v2\/users\/26"}],"replies":[{"embeddable":true,"href":"https:\/\/www.radiosanctispiritus.cu\/es\/wp-json\/wp\/v2\/comments?post=60674"}],"version-history":[{"count":1,"href":"https:\/\/www.radiosanctispiritus.cu\/es\/wp-json\/wp\/v2\/posts\/60674\/revisions"}],"predecessor-version":[{"id":60679,"href":"https:\/\/www.radiosanctispiritus.cu\/es\/wp-json\/wp\/v2\/posts\/60674\/revisions\/60679"}],"wp:featuredmedia":[{"embeddable":true,"href":"https:\/\/www.radiosanctispiritus.cu\/es\/wp-json\/wp\/v2\/media\/60676"}],"wp:attachment":[{"href":"https:\/\/www.radiosanctispiritus.cu\/es\/wp-json\/wp\/v2\/media?parent=60674"}],"wp:term":[{"taxonomy":"category","embeddable":true,"href":"https:\/\/www.radiosanctispiritus.cu\/es\/wp-json\/wp\/v2\/categories?post=60674"},{"taxonomy":"post_tag","embeddable":true,"href":"https:\/\/www.radiosanctispiritus.cu\/es\/wp-json\/wp\/v2\/tags?post=60674"},{"taxonomy":"author","embeddable":true,"href":"https:\/\/www.radiosanctispiritus.cu\/es\/wp-json\/wp\/v2\/coauthors?post=60674"}],"curies":[{"name":"wp","href":"https:\/\/api.w.org\/{rel}","templated":true}]}}