{"id":60651,"date":"2026-01-02T08:38:22","date_gmt":"2026-01-02T13:38:22","guid":{"rendered":"https:\/\/www.radiosanctispiritus.cu\/es\/?p=60651"},"modified":"2026-01-02T08:38:22","modified_gmt":"2026-01-02T13:38:22","slug":"ahs-de-cuba-prepara-edicion-xxx-del-festival-de-trovadores-longina","status":"publish","type":"post","link":"https:\/\/www.radiosanctispiritus.cu\/es\/ahs-de-cuba-prepara-edicion-xxx-del-festival-de-trovadores-longina\/","title":{"rendered":"AHS de Cuba prepara edici\u00f3n XXX del Festival de Trovadores Longina"},"content":{"rendered":"<p>La Asociaci\u00f3n Hermanos Sa\u00edz (AHS) ultima detalles hoy para el XXX Festival de Trovadores Longina canta a Corona, que acoger\u00e1 en pr\u00f3ximos d\u00edas la central provincia Villa Clara, dedicado este a\u00f1o al cantautor Silvio Rodr\u00edguez.<\/p>\n<p>Esta edici\u00f3n tendr\u00e1 lugar del 7 al 11 de enero, con el apoyo de numerosas instituciones y artistas y cinco jornadas de conciertos, exposiciones y encuentros culturales, informa el programa publicado por la organizaci\u00f3n en su perfil de Facebook.<\/p>\n<p>El cronograma incluye actividades en esta ciudad cabecera y otros municipios de la provincia, como Caibari\u00e9n, donde se realizar\u00e1 la tradicional peregrinaci\u00f3n a la tumba de Manuel Corona, inspirador del festival.<\/p>\n<p>La inauguraci\u00f3n de la jornada tendr\u00e1 lugar el mi\u00e9rcoles 7 en la Galer\u00eda P\u00f3rtico, con la exposici\u00f3n fotogr\u00e1fica Carto(fotograf\u00eda) de una gira de Silvio, del artista Kaloian Santos; en la noche, el teatro de la Universidad Central Marta Abreu de Las Villas acoger\u00e1 el primer concierto, con Adri\u00e1n Beraza\u00edn, Nelson Vald\u00e9s, El Kikir\u00ed de Cisneros y el m\u00fasico venezolano Ernesto Luis.<\/p>\n<p>Los espacios previstos para la realizaci\u00f3n de la edici\u00f3n XXX del Longina ser\u00e1n el Centro Latinoamericano, Casa del Joven Creador, el Museo Artes Decorativas, la Biblioteca Mart\u00ed, el Cine Camilo, el Teatro Gui\u00f1ol y el emblem\u00e1tico Mejunje, entre otros.<\/p>\n<p>Adem\u00e1s del talento nacional, se espera la participaci\u00f3n de artistas internacionales provenientes de M\u00e9xico, Colombia, Venezuela, Argentina y Alemania.<\/p>\n<p>El s\u00e1bado 10, el reconocido trovador Silvio Rodr\u00edguez dialogar\u00e1 con cantautores en la Biblioteca Mart\u00ed, donde tambi\u00e9n se exhibir\u00e1 su muestra fotogr\u00e1fica, Retratos; al tiempo, Amaury P\u00e9rez Vidal (Premio Nacional de M\u00fasica 2025) y Abel Acosta ofrecer\u00e1n un concierto en el centro cultural El Mejunje.<\/p>\n<p>Entre los invitados nacionales a la jornada figuran Fidel D\u00edaz Castro, Santa Massiel, Ariel Barreiros, La Trovuntivitis, Roly Berr\u00edo, Enrique T\u00e9llez, Henry Fonseca y Erick S\u00e1nchez, por solo citar algunos.<\/p>\n<p>La programaci\u00f3n se enriquecer\u00e1 con presentaciones de libros, revistas, espacios de descarga, el Ring Po\u00e9tico de Caibari\u00e9n y actuaciones en los municipios Santo Domingo y Manicaragua en compa\u00f1\u00eda de los artistas Tony \u00c1vila y Adri\u00e1n Beraza\u00edn, respectivamente.<\/p>\n<p>El Festival Longina canta a Corona celebra la canci\u00f3n de autor y el legado trovadoresco y se consolida como una de las jornadas culturales m\u00e1s importantes de Cuba, al reunir a creadores de varias generaciones en un ambiente de arte compartido y compromiso con el g\u00e9nero.<\/p>\n<p><em><strong>Tomado de Prensa Latina<\/strong><\/em><\/p>\n","protected":false},"excerpt":{"rendered":"<p>La Asociaci\u00f3n Hermanos Sa\u00edz (AHS) ultima detalles hoy para el XXX Festival de Trovadores Longina canta a Corona, que acoger\u00e1 en pr\u00f3ximos d\u00edas la central provincia Villa Clara, dedicado este a\u00f1o al cantautor Silvio Rodr\u00edguez.<\/p>\n","protected":false},"author":22,"featured_media":60652,"comment_status":"open","ping_status":"open","sticky":false,"template":"","format":"standard","meta":{"_acf_changed":false,"footnotes":""},"categories":[8,3,6],"tags":[265,952,772],"coauthors":[1882],"class_list":["post-60651","post","type-post","status-publish","format-standard","has-post-thumbnail","hentry","category-noticia","category-cuba","category-cultura","tag-cultura-cubana","tag-silvio-rodriguez","tag-trova"],"acf":[],"_links":{"self":[{"href":"https:\/\/www.radiosanctispiritus.cu\/es\/wp-json\/wp\/v2\/posts\/60651","targetHints":{"allow":["GET"]}}],"collection":[{"href":"https:\/\/www.radiosanctispiritus.cu\/es\/wp-json\/wp\/v2\/posts"}],"about":[{"href":"https:\/\/www.radiosanctispiritus.cu\/es\/wp-json\/wp\/v2\/types\/post"}],"author":[{"embeddable":true,"href":"https:\/\/www.radiosanctispiritus.cu\/es\/wp-json\/wp\/v2\/users\/22"}],"replies":[{"embeddable":true,"href":"https:\/\/www.radiosanctispiritus.cu\/es\/wp-json\/wp\/v2\/comments?post=60651"}],"version-history":[{"count":1,"href":"https:\/\/www.radiosanctispiritus.cu\/es\/wp-json\/wp\/v2\/posts\/60651\/revisions"}],"predecessor-version":[{"id":60653,"href":"https:\/\/www.radiosanctispiritus.cu\/es\/wp-json\/wp\/v2\/posts\/60651\/revisions\/60653"}],"wp:featuredmedia":[{"embeddable":true,"href":"https:\/\/www.radiosanctispiritus.cu\/es\/wp-json\/wp\/v2\/media\/60652"}],"wp:attachment":[{"href":"https:\/\/www.radiosanctispiritus.cu\/es\/wp-json\/wp\/v2\/media?parent=60651"}],"wp:term":[{"taxonomy":"category","embeddable":true,"href":"https:\/\/www.radiosanctispiritus.cu\/es\/wp-json\/wp\/v2\/categories?post=60651"},{"taxonomy":"post_tag","embeddable":true,"href":"https:\/\/www.radiosanctispiritus.cu\/es\/wp-json\/wp\/v2\/tags?post=60651"},{"taxonomy":"author","embeddable":true,"href":"https:\/\/www.radiosanctispiritus.cu\/es\/wp-json\/wp\/v2\/coauthors?post=60651"}],"curies":[{"name":"wp","href":"https:\/\/api.w.org\/{rel}","templated":true}]}}