{"id":60645,"date":"2026-01-02T08:27:16","date_gmt":"2026-01-02T13:27:16","guid":{"rendered":"https:\/\/www.radiosanctispiritus.cu\/es\/?p=60645"},"modified":"2026-01-02T08:27:16","modified_gmt":"2026-01-02T13:27:16","slug":"reinician-las-actividades-docentes-en-sancti-spiritus","status":"publish","type":"post","link":"https:\/\/www.radiosanctispiritus.cu\/es\/reinician-las-actividades-docentes-en-sancti-spiritus\/","title":{"rendered":"Reinician las actividades docentes en Sancti Sp\u00edritus"},"content":{"rendered":"<p>El pr\u00f3ximo lunes 5 de enero los estudiantes espirituanos reiniciar\u00e1n las actividades docentes tras el per\u00edodo vacacional correspondiente al cierre del a\u00f1o; jornada en la que todas las instituciones educativas externas y seminternas volver\u00e1n a abrir sus puertas con normalidad, al igual que los centros internos municipales.<\/p>\n<p>Mientras, el martes seis de enero se incorporar\u00e1n al proceso docente los centros internos provinciales, entre los que destacan el IPVCE Eusebio Olivera Rodr\u00edguez, las escuelas pedag\u00f3gicas Vladislav V\u00f3lkov y Rafael Mar\u00eda de Mendive, as\u00ed como el Instituto Polit\u00e9cnico Armando de la Rosa, al igual que las escuelas especiales de la provincia.<\/p>\n<p>El m\u00e1ster en Ciencias Andrei Armas Bravo, director general de Educaci\u00f3n en Sancti Sp\u00edritus precis\u00f3 a\u00a0<em>Escambay<\/em>\u00a0que, la transportaci\u00f3n para el regreso a las clases de los centros internos est\u00e1 asegurada en los horarios habituales tal y como se les inform\u00f3 a los estudiantes previo a su salida para el per\u00edodo vacacional.<\/p>\n<p><em><strong>Tomado de <a href=\"https:\/\/www.escambray.cu\/2026\/reinician-las-actividades-docentes-en-sancti-spiritus\/\" target=\"_blank\" rel=\"noopener noreferrer nofollow\">Escambray<\/a><\/strong><\/em><\/p>\n","protected":false},"excerpt":{"rendered":"<p>El pr\u00f3ximo lunes 5 de enero los estudiantes espirituanos reiniciar\u00e1n las actividades docentes tras el per\u00edodo vacacional correspondiente al cierre del a\u00f1o; jornada en la que todas las instituciones educativas externas y seminternas volver\u00e1n a abrir sus puertas con normalidad, al igual que los centros internos municipales.<\/p>\n","protected":false},"author":27,"featured_media":35414,"comment_status":"open","ping_status":"open","sticky":false,"template":"","format":"standard","meta":{"_acf_changed":false,"footnotes":""},"categories":[8,14,1],"tags":[29,1780],"coauthors":[1963],"class_list":["post-60645","post","type-post","status-publish","format-standard","has-post-thumbnail","hentry","category-noticia","category-educacion","category-sancti-spiritus","tag-educacion","tag-sancti-spiritus"],"acf":[],"_links":{"self":[{"href":"https:\/\/www.radiosanctispiritus.cu\/es\/wp-json\/wp\/v2\/posts\/60645","targetHints":{"allow":["GET"]}}],"collection":[{"href":"https:\/\/www.radiosanctispiritus.cu\/es\/wp-json\/wp\/v2\/posts"}],"about":[{"href":"https:\/\/www.radiosanctispiritus.cu\/es\/wp-json\/wp\/v2\/types\/post"}],"author":[{"embeddable":true,"href":"https:\/\/www.radiosanctispiritus.cu\/es\/wp-json\/wp\/v2\/users\/27"}],"replies":[{"embeddable":true,"href":"https:\/\/www.radiosanctispiritus.cu\/es\/wp-json\/wp\/v2\/comments?post=60645"}],"version-history":[{"count":2,"href":"https:\/\/www.radiosanctispiritus.cu\/es\/wp-json\/wp\/v2\/posts\/60645\/revisions"}],"predecessor-version":[{"id":60647,"href":"https:\/\/www.radiosanctispiritus.cu\/es\/wp-json\/wp\/v2\/posts\/60645\/revisions\/60647"}],"wp:featuredmedia":[{"embeddable":true,"href":"https:\/\/www.radiosanctispiritus.cu\/es\/wp-json\/wp\/v2\/media\/35414"}],"wp:attachment":[{"href":"https:\/\/www.radiosanctispiritus.cu\/es\/wp-json\/wp\/v2\/media?parent=60645"}],"wp:term":[{"taxonomy":"category","embeddable":true,"href":"https:\/\/www.radiosanctispiritus.cu\/es\/wp-json\/wp\/v2\/categories?post=60645"},{"taxonomy":"post_tag","embeddable":true,"href":"https:\/\/www.radiosanctispiritus.cu\/es\/wp-json\/wp\/v2\/tags?post=60645"},{"taxonomy":"author","embeddable":true,"href":"https:\/\/www.radiosanctispiritus.cu\/es\/wp-json\/wp\/v2\/coauthors?post=60645"}],"curies":[{"name":"wp","href":"https:\/\/api.w.org\/{rel}","templated":true}]}}