{"id":60624,"date":"2025-12-31T09:16:09","date_gmt":"2025-12-31T14:16:09","guid":{"rendered":"https:\/\/www.radiosanctispiritus.cu\/es\/?p=60624"},"modified":"2025-12-31T09:16:09","modified_gmt":"2025-12-31T14:16:09","slug":"por-un-2026-mas-unidos-mas-firmes-y-mas-patriotas","status":"publish","type":"post","link":"https:\/\/www.radiosanctispiritus.cu\/es\/por-un-2026-mas-unidos-mas-firmes-y-mas-patriotas\/","title":{"rendered":"Por un 2026 m\u00e1s unidos, m\u00e1s firmes y m\u00e1s patriotas"},"content":{"rendered":"<p>En un emotivo mensaje al pueblo, Deivy P\u00e9rez Mart\u00edn, miembro del Comit\u00e9 Central del Partido Comunista de Cuba y su primera secretaria en Sancti Sp\u00edritus, reconoci\u00f3 el esfuerzo desplegado por los espirituanos, quienes terminaron el a\u00f1o en marcha hacia nuevas victorias, con la mira puesta en los retos del 2026.<\/p>\n<p>La Primera Secretaria del Partido en el territorio ponder\u00f3 la consagraci\u00f3n y esp\u00edritu de sacrificio del pueblo, protagonista de una etapa de firmeza, entrega y compromiso con la Patria, en la que no faltaron intensos desaf\u00edos: crisis econ\u00f3mica, dificultades energ\u00e9ticas y recrudecimiento del bloqueo imperial. \u201cSin embargo, Sancti Sp\u00edritus no se detuvo \u2014reconoci\u00f3 P\u00e9rez Mart\u00edn\u2014. Con la gu\u00eda del Partido y la fuerza del pueblo, se mantuvo en pie, trabajando sin descanso por el bienestar colectivo\u201d.<\/p>\n<p>La dirigente partidista destac\u00f3 igualmente el papel decisivo del movimiento #SanctiSp\u00edritusEnMarcha, expresi\u00f3n concreta de la voluntad transformadora del pueblo que, desde los barrios y las comunidades, multiplic\u00f3 iniciativas para avanzar, resistir y vencer.<\/p>\n<p>Al legado de Seraf\u00edn S\u00e1nchez Valdivia, paradigma de patriotismo y dignidad, cuyas ideas siguen inspirando cada paso de esta provincia, rindi\u00f3 homenaje la Primera Secretaria, quien asegur\u00f3: \u201cComo Seraf\u00edn, marchamos con la frente en alto, con la Patria en el alma y el deber en el coraz\u00f3n\u201d.<\/p>\n<p>En su mensaje al pueblo espirituano, Deivy P\u00e9rez Mart\u00edn convoc\u00f3 a redoblar esfuerzos en el 2026, a\u00f1o del Centenario del Comandante en Jefe Fidel Castro Ruz; a fortalecer la unidad como principal escudo frente a las adversidades; a elevar la eficiencia en cada tarea y a mantener viva la llama revolucionaria en cada rinc\u00f3n del territorio.<\/p>\n<p>Consciente de que, \u201ccon la inspiraci\u00f3n de Fidel, el ejemplo de Seraf\u00edn y la fuerza de #SanctiSp\u00edritusEnMarcha, seguiremos venciendo por Cuba, por la Revoluci\u00f3n y por el futuro\u201d, P\u00e9rez Mart\u00edn concluy\u00f3 su mensaje al pueblo con una calurosa felicitaci\u00f3n y los mejores deseos de salud, paz y prosperidad a todas las familias espirituanas por el nuevo a\u00f1o. \u201cQue el 2026 nos encuentre m\u00e1s unidos, m\u00e1s firmes y m\u00e1s patriotas\u201d.<\/p>\n","protected":false},"excerpt":{"rendered":"<p>En un emotivo mensaje al pueblo, Deivy P\u00e9rez Mart\u00edn, miembro del Comit\u00e9 Central del Partido Comunista de Cuba y su primera secretaria en Sancti Sp\u00edritus, reconoci\u00f3 el esfuerzo desplegado por los espirituanos, quienes terminaron el a\u00f1o en marcha hacia nuevas victorias, con la mira puesta en los retos del 2026.<\/p>\n","protected":false},"author":27,"featured_media":60625,"comment_status":"open","ping_status":"open","sticky":false,"template":"","format":"standard","meta":{"_acf_changed":false,"footnotes":""},"categories":[8,1],"tags":[44,1780],"coauthors":[1963],"class_list":["post-60624","post","type-post","status-publish","format-standard","has-post-thumbnail","hentry","category-noticia","category-sancti-spiritus","tag-deivy-perez-martin","tag-sancti-spiritus"],"acf":[],"_links":{"self":[{"href":"https:\/\/www.radiosanctispiritus.cu\/es\/wp-json\/wp\/v2\/posts\/60624","targetHints":{"allow":["GET"]}}],"collection":[{"href":"https:\/\/www.radiosanctispiritus.cu\/es\/wp-json\/wp\/v2\/posts"}],"about":[{"href":"https:\/\/www.radiosanctispiritus.cu\/es\/wp-json\/wp\/v2\/types\/post"}],"author":[{"embeddable":true,"href":"https:\/\/www.radiosanctispiritus.cu\/es\/wp-json\/wp\/v2\/users\/27"}],"replies":[{"embeddable":true,"href":"https:\/\/www.radiosanctispiritus.cu\/es\/wp-json\/wp\/v2\/comments?post=60624"}],"version-history":[{"count":2,"href":"https:\/\/www.radiosanctispiritus.cu\/es\/wp-json\/wp\/v2\/posts\/60624\/revisions"}],"predecessor-version":[{"id":60627,"href":"https:\/\/www.radiosanctispiritus.cu\/es\/wp-json\/wp\/v2\/posts\/60624\/revisions\/60627"}],"wp:featuredmedia":[{"embeddable":true,"href":"https:\/\/www.radiosanctispiritus.cu\/es\/wp-json\/wp\/v2\/media\/60625"}],"wp:attachment":[{"href":"https:\/\/www.radiosanctispiritus.cu\/es\/wp-json\/wp\/v2\/media?parent=60624"}],"wp:term":[{"taxonomy":"category","embeddable":true,"href":"https:\/\/www.radiosanctispiritus.cu\/es\/wp-json\/wp\/v2\/categories?post=60624"},{"taxonomy":"post_tag","embeddable":true,"href":"https:\/\/www.radiosanctispiritus.cu\/es\/wp-json\/wp\/v2\/tags?post=60624"},{"taxonomy":"author","embeddable":true,"href":"https:\/\/www.radiosanctispiritus.cu\/es\/wp-json\/wp\/v2\/coauthors?post=60624"}],"curies":[{"name":"wp","href":"https:\/\/api.w.org\/{rel}","templated":true}]}}