{"id":60602,"date":"2025-12-31T08:50:00","date_gmt":"2025-12-31T13:50:00","guid":{"rendered":"https:\/\/www.radiosanctispiritus.cu\/es\/?p=60602"},"modified":"2025-12-31T09:22:26","modified_gmt":"2025-12-31T14:22:26","slug":"celebran-aniversario-67-de-la-liberacion-de-yaguajay-y-del-triunfo-de-la-revolucion","status":"publish","type":"post","link":"https:\/\/www.radiosanctispiritus.cu\/es\/celebran-aniversario-67-de-la-liberacion-de-yaguajay-y-del-triunfo-de-la-revolucion\/","title":{"rendered":"Celebran aniversario 67 de la liberaci\u00f3n de Yaguajay y del triunfo de la Revoluci\u00f3n"},"content":{"rendered":"<p>La capacidad de resistencia constante y el ingenio de los yaguajayenses para superar adversidades durante el a\u00f1o 2025 se resaltaron durante el acto por el 67 aniversario de la liberaci\u00f3n de este municipio y del triunfo de la Revoluci\u00f3n cubana que tuvo por escenario el cine Am\u00e9rica Libre de esta localidad.<\/p>\n<p><img decoding=\"async\" class=\"size-full wp-image-60622 alignright\" src=\"https:\/\/www.radiosanctispiritus.cu\/es\/wp-content\/uploads\/Yag-acto-discurso-234.jpg\" alt=\"\" width=\"353\" height=\"440\" \/>Mileydis Mili\u00e1n Barn\u00e9s, primera secretaria del Partido en el territorio, destac\u00f3 que, a pesar de las adversidades, el pueblo como principal protagonista aport\u00f3 a los resultados en las esferas del deporte, la cultura, la educaci\u00f3n, la ciencia, la agricultura, la reducci\u00f3n del d\u00e9ficit fiscal y a mantener por dos a\u00f1os consecutivos una tasa de mortalidad infantil y materna de cero.<\/p>\n<p>La dirigente partidista destac\u00f3, adem\u00e1s, que el 2026 ser\u00e1 un a\u00f1o intenso de trabajo, donde la tarea principal ser\u00e1 combinar rigor econ\u00f3mico con justicia social, lo cual solo la puede garantizar la Revoluci\u00f3n Socialista y para lograrlo se contar\u00e1 con todas las fuerzas del Partido, el Estado y el Gobierno junto al pueblo para el mejoramiento del pa\u00eds.<\/p>\n<p>En la celebraci\u00f3n, que estuvo presidida por la miembro del Comit\u00e9 del Partido Comunista de Cuba y primera secretaria en Sancti Sp\u00edritus, Deivy P\u00e9rez Mart\u00edn,\u00a0 y Alexis Lorente Jim\u00e9nez, Gobernador Provincial , se entreg\u00f3 el carnet de militante del Partido y la Juventud a un grupo de nuevos miembros de ambas organizaciones consagrados a nuestra Revoluci\u00f3n, y que est\u00e1n en la primera l\u00ednea de combate ante el llamado de la Patria.<\/p>\n<p><img decoding=\"async\" class=\"size-full wp-image-60613 aligncenter\" src=\"https:\/\/www.radiosanctispiritus.cu\/es\/wp-content\/uploads\/Yag-acto-carne-DPM.jpg\" alt=\"\" width=\"488\" height=\"331\" \/><\/p>\n<p>En el acto por el 67 aniversario de la liberaci\u00f3n de Yaguajay y el triunfo de la Revoluci\u00f3n se reconoci\u00f3 a un grupo de empresas y entidades del territorio que se destacaron en el cumplimiento de sus tareas.<\/p>\n<p><img decoding=\"async\" class=\"size-medium wp-image-60614 aligncenter\" src=\"https:\/\/www.radiosanctispiritus.cu\/es\/wp-content\/uploads\/Yag-acto-toma-simbolica-2-600x450.jpg\" alt=\"\" width=\"600\" height=\"450\" srcset=\"https:\/\/www.radiosanctispiritus.cu\/es\/wp-content\/uploads\/Yag-acto-toma-simbolica-2-600x450.jpg 600w, https:\/\/www.radiosanctispiritus.cu\/es\/wp-content\/uploads\/Yag-acto-toma-simbolica-2-768x576.jpg 768w, https:\/\/www.radiosanctispiritus.cu\/es\/wp-content\/uploads\/Yag-acto-toma-simbolica-2.jpg 1008w\" sizes=\"(max-width: 600px) 100vw, 600px\" \/><\/p>\n<p>Como parte de la celebraci\u00f3n se realiz\u00f3 la toma simb\u00f3lica del otrora cuartel de la tiran\u00eda de Batista convertido hoy en Hospital Municipal Joaqu\u00edn Peneca Consuegra, protagonizada por pioneros de los centros escolares de la cabecera municipal.<\/p>\n<p><img decoding=\"async\" class=\"size-medium wp-image-60616 aligncenter\" src=\"https:\/\/www.radiosanctispiritus.cu\/es\/wp-content\/uploads\/Yag-flores-monumento-DPM-e1767189165952-600x449.jpg\" alt=\"\" width=\"600\" height=\"449\" srcset=\"https:\/\/www.radiosanctispiritus.cu\/es\/wp-content\/uploads\/Yag-flores-monumento-DPM-e1767189165952-600x449.jpg 600w, https:\/\/www.radiosanctispiritus.cu\/es\/wp-content\/uploads\/Yag-flores-monumento-DPM-e1767189165952-768x575.jpg 768w, https:\/\/www.radiosanctispiritus.cu\/es\/wp-content\/uploads\/Yag-flores-monumento-DPM-e1767189165952.jpg 916w\" sizes=\"(max-width: 600px) 100vw, 600px\" \/><\/p>\n<p>Flores rojas llegaron hasta los nichos que guardan los restos de los combatientes del Frente Norte de Las Villas, fuerza guerrillera que protagoniz\u00f3 la liberaci\u00f3n de Yaguajay.<\/p>\n<p>Yaguajay fue liberado el 31 de diciembre de 1958 por las fuerzas rebeldes al mando del Comandante Camilo Cienfuegos que tras la campa\u00f1a liberadora de los pueblos de la regi\u00f3n, protagonizaron una de las batallas m\u00e1s largas de la gesta liberadora, que culmin\u00f3 con la rendici\u00f3n de las fuerzas de la tiran\u00eda tras 10 d\u00edas de combates.<\/p>\n<p><img decoding=\"async\" class=\"size-medium wp-image-60620 aligncenter\" src=\"https:\/\/www.radiosanctispiritus.cu\/es\/wp-content\/uploads\/Yaguajay-acto-reconocidos-e1767189598404-600x322.jpg\" alt=\"\" width=\"600\" height=\"322\" srcset=\"https:\/\/www.radiosanctispiritus.cu\/es\/wp-content\/uploads\/Yaguajay-acto-reconocidos-e1767189598404-600x322.jpg 600w, https:\/\/www.radiosanctispiritus.cu\/es\/wp-content\/uploads\/Yaguajay-acto-reconocidos-e1767189598404-768x412.jpg 768w, https:\/\/www.radiosanctispiritus.cu\/es\/wp-content\/uploads\/Yaguajay-acto-reconocidos-e1767189598404.jpg 950w\" sizes=\"(max-width: 600px) 100vw, 600px\" \/><\/p>\n<div id=\"attachment_60628\" style=\"width: 610px\" class=\"wp-caption aligncenter\"><img decoding=\"async\" aria-describedby=\"caption-attachment-60628\" class=\"size-medium wp-image-60628\" src=\"https:\/\/www.radiosanctispiritus.cu\/es\/wp-content\/uploads\/Yag-ecomoviles-600x449.jpg\" alt=\"\" width=\"600\" height=\"449\" srcset=\"https:\/\/www.radiosanctispiritus.cu\/es\/wp-content\/uploads\/Yag-ecomoviles-600x449.jpg 600w, https:\/\/www.radiosanctispiritus.cu\/es\/wp-content\/uploads\/Yag-ecomoviles-1024x767.jpg 1024w, https:\/\/www.radiosanctispiritus.cu\/es\/wp-content\/uploads\/Yag-ecomoviles-768x575.jpg 768w, https:\/\/www.radiosanctispiritus.cu\/es\/wp-content\/uploads\/Yag-ecomoviles.jpg 1080w\" sizes=\"(max-width: 600px) 100vw, 600px\" \/><p id=\"caption-attachment-60628\" class=\"wp-caption-text\">Como parte de la conmemoraci\u00f3n, se puso en marcha un grupo de ecom\u00f3viles en Yaguajay.<\/p><\/div>\n","protected":false},"excerpt":{"rendered":"<p>La capacidad de resistencia constante y el ingenio de los yaguajayenses para superar adversidades durante el a\u00f1o 2025 se resaltaron durante el acto por el 67 aniversario de la liberaci\u00f3n de este municipio y del triunfo de la Revoluci\u00f3n cubana que tuvo por escenario el cine Am\u00e9rica Libre de esa localidad.<\/p>\n","protected":false},"author":140,"featured_media":60610,"comment_status":"open","ping_status":"open","sticky":false,"template":"","format":"standard","meta":{"_acf_changed":false,"footnotes":""},"categories":[8,1],"tags":[435,510,584,106],"coauthors":[1880],"class_list":["post-60602","post","type-post","status-publish","format-standard","has-post-thumbnail","hentry","category-noticia","category-sancti-spiritus","tag-camilo-cienfuegos","tag-historia","tag-triunfo-de-la-revolucion","tag-yaguajay"],"acf":[],"_links":{"self":[{"href":"https:\/\/www.radiosanctispiritus.cu\/es\/wp-json\/wp\/v2\/posts\/60602","targetHints":{"allow":["GET"]}}],"collection":[{"href":"https:\/\/www.radiosanctispiritus.cu\/es\/wp-json\/wp\/v2\/posts"}],"about":[{"href":"https:\/\/www.radiosanctispiritus.cu\/es\/wp-json\/wp\/v2\/types\/post"}],"author":[{"embeddable":true,"href":"https:\/\/www.radiosanctispiritus.cu\/es\/wp-json\/wp\/v2\/users\/140"}],"replies":[{"embeddable":true,"href":"https:\/\/www.radiosanctispiritus.cu\/es\/wp-json\/wp\/v2\/comments?post=60602"}],"version-history":[{"count":5,"href":"https:\/\/www.radiosanctispiritus.cu\/es\/wp-json\/wp\/v2\/posts\/60602\/revisions"}],"predecessor-version":[{"id":60629,"href":"https:\/\/www.radiosanctispiritus.cu\/es\/wp-json\/wp\/v2\/posts\/60602\/revisions\/60629"}],"wp:featuredmedia":[{"embeddable":true,"href":"https:\/\/www.radiosanctispiritus.cu\/es\/wp-json\/wp\/v2\/media\/60610"}],"wp:attachment":[{"href":"https:\/\/www.radiosanctispiritus.cu\/es\/wp-json\/wp\/v2\/media?parent=60602"}],"wp:term":[{"taxonomy":"category","embeddable":true,"href":"https:\/\/www.radiosanctispiritus.cu\/es\/wp-json\/wp\/v2\/categories?post=60602"},{"taxonomy":"post_tag","embeddable":true,"href":"https:\/\/www.radiosanctispiritus.cu\/es\/wp-json\/wp\/v2\/tags?post=60602"},{"taxonomy":"author","embeddable":true,"href":"https:\/\/www.radiosanctispiritus.cu\/es\/wp-json\/wp\/v2\/coauthors?post=60602"}],"curies":[{"name":"wp","href":"https:\/\/api.w.org\/{rel}","templated":true}]}}