{"id":60492,"date":"2025-12-29T19:50:54","date_gmt":"2025-12-30T00:50:54","guid":{"rendered":"https:\/\/www.radiosanctispiritus.cu\/es\/?p=60492"},"modified":"2025-12-29T19:50:54","modified_gmt":"2025-12-30T00:50:54","slug":"amaury-perez-vidal-premio-nacional-de-musica-2025","status":"publish","type":"post","link":"https:\/\/www.radiosanctispiritus.cu\/es\/amaury-perez-vidal-premio-nacional-de-musica-2025\/","title":{"rendered":"Amaury P\u00e9rez Vidal, Premio Nacional de M\u00fasica 2025"},"content":{"rendered":"<p>Le he dedicado mi vida a la m\u00fasica y que mis colegas me hayan otorgado el Premio Nacional de M\u00fasica 2025 no hace m\u00e1s que emocionarme, expres\u00f3 el compositor cubano Amaury P\u00e9rez Vidal, en exclusiva a Prensa Latina.<\/p>\n<p>El Instituto Cubano de la M\u00fasica (ICM) reconoci\u00f3 con esta, su m\u00e1xima distinci\u00f3n, al cantautor de 69 a\u00f1os, miembro fundador del Movimiento de la Nueva Trova.<\/p>\n<p>Para nosotros es un verdadero privilegio tenerte entre los Premios Nacionales de M\u00fasica de nuestra instituci\u00f3n, expres\u00f3 la presidenta del ICM, Indira Fajardo, al anunciarle la noticia v\u00eda llamada telef\u00f3nica a P\u00e9rez Vidal, quien se escuch\u00f3 incr\u00e9dulo, conmovido y feliz.<\/p>\n<p>El jurado, integrado por el jazzista C\u00e9sar L\u00f3pez, el pianista Jos\u00e9 Mar\u00eda Vitier, la music\u00f3loga Martha Bonet, la directora coral Beatriz Corona y presidido por la maestra Digna Guerra, decidi\u00f3 otorgarle el premio por unanimidad al tambi\u00e9n guitarrista y conductor de televisi\u00f3n.<\/p>\n<p>Creo que es merecid\u00edsimo porque la obra de Amaury hace muchos a\u00f1os que est\u00e1 enraizada en nuestro pueblo, con numerosos aportes musicales y literarios, declar\u00f3 a Prensa Latina Digna Guerra.<\/p>\n<p>Gracias al jurado, a quien respeto tanto, a la m\u00fasica, a mi patria, a Cuba, a todos los que confiaron en que alg\u00fan d\u00eda Amaury P\u00e9rez merecer\u00eda un galard\u00f3n tan prestigioso como este, a\u00f1adi\u00f3 a esta agencia el polifac\u00e9tico artista.<\/p>\n<p>Tras el anuncio, instituciones y figuras culturales del pa\u00eds han enviado mensajes de felicitaci\u00f3n.<\/p>\n<p>Amaury P\u00e9rez ocupa un lugar de trascendencia en la m\u00fasica cubana por la hondura y coherencia de una creaci\u00f3n que ha sabido dialogar con varias generaciones desde la canci\u00f3n de autor, public\u00f3 en redes sociales la Uni\u00f3n de Escritores y Artistas de Cuba.<\/p>\n<p>Due\u00f1o de una l\u00edrica sensible, reflexiva y profundamente humana, sus temas han abordado el amor, la memoria, la cotidianidad y los dilemas \u00e9ticos de su tiempo con una elegancia perdurable, ampli\u00f3 el organismo.<\/p>\n<p>La Asociaci\u00f3n Hermanos Sa\u00edz se uni\u00f3 a los festejos, reconociendo el talento del compositor y c\u00f3mo su m\u00fasica ha inspirado a generaciones de cubanos.<\/p>\n<p>Muchas felicidades a nuestro querido Maestro de Juventudes Amaury P\u00e9rez, merecid\u00edsimo reconocimiento a uno de los grandes de la cultura cubana, hombre de gran talento y carisma, celebr\u00f3 en redes sociales el presidente nacional de la asociaci\u00f3n, Yasel Toledo.<\/p>\n<p>Amaury P\u00e9rez Vidal es considerado uno de los compositores cubanos m\u00e1s importantes de la segunda mitad del siglo XX; sus piezas tienen cercan\u00edas al jazz y al pop, otras mezcladas con la m\u00fasica rock, y su l\u00ednea de creaci\u00f3n m\u00e1s reciente se basa en el estilo de la canci\u00f3n rom\u00e1ntica.<\/p>\n<p>&nbsp;<\/p>\n","protected":false},"excerpt":{"rendered":"<p>Le he dedicado mi vida a la m\u00fasica y que mis colegas me hayan otorgado el Premio Nacional de M\u00fasica 2025 no hace m\u00e1s que emocionarme, expres\u00f3 el compositor cubano Amaury P\u00e9rez Vidal.<\/p>\n","protected":false},"author":22,"featured_media":60495,"comment_status":"open","ping_status":"open","sticky":false,"template":"","format":"standard","meta":{"_acf_changed":false,"footnotes":""},"categories":[6,8],"tags":[1741],"coauthors":[1882],"class_list":["post-60492","post","type-post","status-publish","format-standard","has-post-thumbnail","hentry","category-cultura","category-noticia","tag-musica-cubana"],"acf":[],"_links":{"self":[{"href":"https:\/\/www.radiosanctispiritus.cu\/es\/wp-json\/wp\/v2\/posts\/60492","targetHints":{"allow":["GET"]}}],"collection":[{"href":"https:\/\/www.radiosanctispiritus.cu\/es\/wp-json\/wp\/v2\/posts"}],"about":[{"href":"https:\/\/www.radiosanctispiritus.cu\/es\/wp-json\/wp\/v2\/types\/post"}],"author":[{"embeddable":true,"href":"https:\/\/www.radiosanctispiritus.cu\/es\/wp-json\/wp\/v2\/users\/22"}],"replies":[{"embeddable":true,"href":"https:\/\/www.radiosanctispiritus.cu\/es\/wp-json\/wp\/v2\/comments?post=60492"}],"version-history":[{"count":1,"href":"https:\/\/www.radiosanctispiritus.cu\/es\/wp-json\/wp\/v2\/posts\/60492\/revisions"}],"predecessor-version":[{"id":60496,"href":"https:\/\/www.radiosanctispiritus.cu\/es\/wp-json\/wp\/v2\/posts\/60492\/revisions\/60496"}],"wp:featuredmedia":[{"embeddable":true,"href":"https:\/\/www.radiosanctispiritus.cu\/es\/wp-json\/wp\/v2\/media\/60495"}],"wp:attachment":[{"href":"https:\/\/www.radiosanctispiritus.cu\/es\/wp-json\/wp\/v2\/media?parent=60492"}],"wp:term":[{"taxonomy":"category","embeddable":true,"href":"https:\/\/www.radiosanctispiritus.cu\/es\/wp-json\/wp\/v2\/categories?post=60492"},{"taxonomy":"post_tag","embeddable":true,"href":"https:\/\/www.radiosanctispiritus.cu\/es\/wp-json\/wp\/v2\/tags?post=60492"},{"taxonomy":"author","embeddable":true,"href":"https:\/\/www.radiosanctispiritus.cu\/es\/wp-json\/wp\/v2\/coauthors?post=60492"}],"curies":[{"name":"wp","href":"https:\/\/api.w.org\/{rel}","templated":true}]}}