{"id":60475,"date":"2025-12-28T17:49:50","date_gmt":"2025-12-28T22:49:50","guid":{"rendered":"https:\/\/www.radiosanctispiritus.cu\/es\/?p=60475"},"modified":"2025-12-28T17:50:19","modified_gmt":"2025-12-28T22:50:19","slug":"reconocen-desempeno-de-empresas-y-organismos-en-aniversario-67-de-la-liberacion-de-trinidad","status":"publish","type":"post","link":"https:\/\/www.radiosanctispiritus.cu\/es\/reconocen-desempeno-de-empresas-y-organismos-en-aniversario-67-de-la-liberacion-de-trinidad\/","title":{"rendered":"Reconocen desempe\u00f1o de empresas y organismos en aniversario 67 de la liberaci\u00f3n de Trinidad"},"content":{"rendered":"<p>Banderas cubanas, junto a las de las organizaciones pol\u00edticas y de masas, ondearon en la Plaza 500 de Trinidad donde este 28 de diciembre se evocaron las acciones que marcaron el inicio del derrocamiento de la tiran\u00eda y la liberaci\u00f3n de la ciudad gracias al empuje revolucionario del Ej\u00e9rcito Rebelde.<\/p>\n<p>En la conmemoraci\u00f3n se rindi\u00f3 tributo a Antonio Dum\u00e9nico, Manuel Solano, Anselmo Rodr\u00edguez y Ernesto Vald\u00e9s Mu\u00f1oz, quienes cayeron en los combates librados hasta el d\u00eda 30 de diciembre de 1958 y que culminaron con el triunfo del Primero de Enero.<\/p>\n<p>Una representaci\u00f3n de j\u00f3venes, trabajadores, dirigentes pol\u00edticos y de las organizaciones de masas, junto a combatientes de la Revoluci\u00f3n, rememoraron los hechos, que comenzaron con la toma de la ciudad por tropas del Directorio Revolucionario 13 de Marzo y del Ej\u00e9rcito Rebelde, bajo las \u00f3rdenes del Comandante Faure Chom\u00f3n y finalizaron con la retirada de los remanentes de la tiran\u00eda batistiana.<\/p>\n<p>En la tribuna j\u00f3venes trinitarios ratificaron la convicci\u00f3n de defender las conquistas sociales, cerrar filas contra la apat\u00eda, la subversi\u00f3n enemiga y aportar a la construcci\u00f3n de un proyecto de naci\u00f3n inclusivo, justo y soberano.<\/p>\n<p><img decoding=\"async\" class=\"size-medium wp-image-60477 aligncenter\" src=\"https:\/\/www.radiosanctispiritus.cu\/es\/wp-content\/uploads\/Tdad-acto-liberacion-3-600x315.jpg\" alt=\"\" width=\"600\" height=\"315\" srcset=\"https:\/\/www.radiosanctispiritus.cu\/es\/wp-content\/uploads\/Tdad-acto-liberacion-3-600x315.jpg 600w, https:\/\/www.radiosanctispiritus.cu\/es\/wp-content\/uploads\/Tdad-acto-liberacion-3-768x403.jpg 768w, https:\/\/www.radiosanctispiritus.cu\/es\/wp-content\/uploads\/Tdad-acto-liberacion-3.jpg 1024w\" sizes=\"(max-width: 600px) 100vw, 600px\" \/><\/p>\n<p>Como expresi\u00f3n de la continuidad un grupo de trinitarios recibieron los carn\u00e9s que marcan su entrada a las filas del Partido Comunista de Cuba, mientras el arte acompa\u00f1\u00f3 la celebraci\u00f3n devenida acto de reafirmaci\u00f3n revolucionaria, presidida por Damaris B\u00e1ez Alonso, miembro del Bur\u00f3 Provincial del Partido y Camilo P\u00e9rez P\u00e9rez, coordinador de programas y objetivos del Gobierno en Sancti Sp\u00edritus.<\/p>\n<p>A punto de cerrar un a\u00f1o de trabajo, empresas y organismos del territorio recibieron reconocimientos de manos del primer secretario del Comit\u00e9 Municipal del Partido, William Rodr\u00edguez Turi\u00f1o, Tania Guti\u00e9rrez Fontanills, presidenta de la Asamblea del Poder Popular y Ernesto Borges Medina, intendente, entre los que figuran la direcci\u00f3n municipal de Salud P\u00fablica, de Educaci\u00f3n, la Empresa Aldaba, adem\u00e1s de la Delegaci\u00f3n Provincial del Turismo y varias de sus instalaciones.<\/p>\n<p><img decoding=\"async\" class=\"size-medium wp-image-60478 aligncenter\" src=\"https:\/\/www.radiosanctispiritus.cu\/es\/wp-content\/uploads\/trinidad-acto-liberacion-4-600x379.jpg\" alt=\"\" width=\"600\" height=\"379\" srcset=\"https:\/\/www.radiosanctispiritus.cu\/es\/wp-content\/uploads\/trinidad-acto-liberacion-4-600x379.jpg 600w, https:\/\/www.radiosanctispiritus.cu\/es\/wp-content\/uploads\/trinidad-acto-liberacion-4-768x485.jpg 768w, https:\/\/www.radiosanctispiritus.cu\/es\/wp-content\/uploads\/trinidad-acto-liberacion-4.jpg 800w\" sizes=\"(max-width: 600px) 100vw, 600px\" \/><\/p>\n<p>Al pronunciar las palabras centrales, Rodr\u00edguez Turi\u00f1o se refiri\u00f3 a los numerosos desaf\u00edos durante la \u00faltima etapa, signada por la hostil pol\u00edtica del gobierno de Estados Unidos, adem\u00e1s de las restricciones financieras y de recursos, que lejos de doblegar, fortalecen el esp\u00edritu inquebrantable de lucha de los cubanos.<\/p>\n","protected":false},"excerpt":{"rendered":"<p>Banderas cubanas, junto a las de las organizaciones pol\u00edticas y de masas, ondearon en la Plaza 500 de Trinidad donde este 28 de diciembre se evocaron las acciones que marcaron el inicio del derrocamiento de la tiran\u00eda y la liberaci\u00f3n de la ciudad gracias al empuje revolucionario del Ej\u00e9rcito Rebelde.<\/p>\n","protected":false},"author":23,"featured_media":60476,"comment_status":"open","ping_status":"open","sticky":false,"template":"","format":"standard","meta":{"_acf_changed":false,"footnotes":""},"categories":[8,1],"tags":[510,40,54],"coauthors":[1899,1963],"class_list":["post-60475","post","type-post","status-publish","format-standard","has-post-thumbnail","hentry","category-noticia","category-sancti-spiritus","tag-historia","tag-trinidad","tag-trinidad-de-cuba"],"acf":[],"_links":{"self":[{"href":"https:\/\/www.radiosanctispiritus.cu\/es\/wp-json\/wp\/v2\/posts\/60475","targetHints":{"allow":["GET"]}}],"collection":[{"href":"https:\/\/www.radiosanctispiritus.cu\/es\/wp-json\/wp\/v2\/posts"}],"about":[{"href":"https:\/\/www.radiosanctispiritus.cu\/es\/wp-json\/wp\/v2\/types\/post"}],"author":[{"embeddable":true,"href":"https:\/\/www.radiosanctispiritus.cu\/es\/wp-json\/wp\/v2\/users\/23"}],"replies":[{"embeddable":true,"href":"https:\/\/www.radiosanctispiritus.cu\/es\/wp-json\/wp\/v2\/comments?post=60475"}],"version-history":[{"count":2,"href":"https:\/\/www.radiosanctispiritus.cu\/es\/wp-json\/wp\/v2\/posts\/60475\/revisions"}],"predecessor-version":[{"id":60480,"href":"https:\/\/www.radiosanctispiritus.cu\/es\/wp-json\/wp\/v2\/posts\/60475\/revisions\/60480"}],"wp:featuredmedia":[{"embeddable":true,"href":"https:\/\/www.radiosanctispiritus.cu\/es\/wp-json\/wp\/v2\/media\/60476"}],"wp:attachment":[{"href":"https:\/\/www.radiosanctispiritus.cu\/es\/wp-json\/wp\/v2\/media?parent=60475"}],"wp:term":[{"taxonomy":"category","embeddable":true,"href":"https:\/\/www.radiosanctispiritus.cu\/es\/wp-json\/wp\/v2\/categories?post=60475"},{"taxonomy":"post_tag","embeddable":true,"href":"https:\/\/www.radiosanctispiritus.cu\/es\/wp-json\/wp\/v2\/tags?post=60475"},{"taxonomy":"author","embeddable":true,"href":"https:\/\/www.radiosanctispiritus.cu\/es\/wp-json\/wp\/v2\/coauthors?post=60475"}],"curies":[{"name":"wp","href":"https:\/\/api.w.org\/{rel}","templated":true}]}}