{"id":60127,"date":"2025-12-23T04:16:27","date_gmt":"2025-12-23T09:16:27","guid":{"rendered":"https:\/\/www.radiosanctispiritus.cu\/es\/?p=60127"},"modified":"2025-12-22T21:25:28","modified_gmt":"2025-12-23T02:25:28","slug":"estas-ocupado-o-progresando","status":"publish","type":"post","link":"https:\/\/www.radiosanctispiritus.cu\/es\/estas-ocupado-o-progresando\/","title":{"rendered":"\u00bfEst\u00e1s ocupado o progresando?"},"content":{"rendered":"<p>En Cuba, como en muchos otros lugares del mundo, la idea de estar ocupado se ha convertido casi en un s\u00edmbolo de productividad y \u00e9xito. El d\u00eda a d\u00eda est\u00e1 lleno de tareas, responsabilidades, y muchas veces, parece que no hay tiempo para nada m\u00e1s. Sin embargo, una reflexi\u00f3n profunda sobre este fen\u00f3meno nos lleva a cuestionarnos: \u00bfrealmente estamos progresando o simplemente estamos ocupados?<\/p>\n<p>En el contexto cubano, esta pregunta adquiere una relevancia a\u00fan mayor, ya que la situaci\u00f3n econ\u00f3mica y social del pa\u00eds nos desaf\u00eda a encontrar un equilibrio entre la actividad constante y el avance tangible hacia nuestros objetivos.<\/p>\n<p>En la vida cotidiana cubana, la ocupaci\u00f3n es una constante. El trabajo, las gestiones administrativas, las tareas dom\u00e9sticas, las colas, los tr\u00e1mites y el eterno ir y venir para conseguir productos b\u00e1sicos ocupan gran parte de nuestras jornadas. La necesidad de adaptarse a un sistema econ\u00f3mico que presenta grandes desaf\u00edos y limitaciones ha llevado a muchos a vivir en una especie de \u201csobrevivencia diaria\u201d. Sin embargo, estar ocupado no necesariamente implica estar progresando.<\/p>\n<p>En muchas ocasiones, la constante sensaci\u00f3n de estar ocupado puede convertirse en una trampa. Se confunde la acci\u00f3n con el progreso, y las personas tienden a pensar que, si no tienen tiempo para descansar, es porque est\u00e1n haciendo lo correcto. Pero este ritmo fren\u00e9tico puede llevar a una falsa sensaci\u00f3n de productividad. La clave est\u00e1 en distinguir entre el movimiento constante y el avance hacia un objetivo real. Estar ocupado puede ser una forma de evasi\u00f3n, de no enfrentar la verdadera falta de resultados concretos o de no tener claridad sobre el prop\u00f3sito de nuestras acciones.<\/p>\n<p>El progreso es un concepto que, en el contexto cubano, adquiere una dimensi\u00f3n especial. Cuba es una isla que, a pesar de los retos econ\u00f3micos, las restricciones comerciales y las dificultades estructurales, ha logrado avances significativos en \u00e1reas como la educaci\u00f3n, la salud y la cultura. Sin embargo, el progreso no siempre se mide en t\u00e9rminos de actividades visibles o inmediatas, sino en la capacidad de transformar esas actividades en resultados tangibles que mejoren las condiciones de vida de las personas.<\/p>\n<p>En Cuba, a menudo se observa c\u00f3mo, a pesar de la ocupaci\u00f3n diaria, muchos sectores de la poblaci\u00f3n sienten que el verdadero progreso sigue siendo esquivo. Las largas jornadas laborales en las que las personas se enfrentan a la escasez de recursos, la inflaci\u00f3n y la falta de infraestructura moderna pueden crear la sensaci\u00f3n de que no se avanza, a pesar de que se est\u00e1 trabajando sin descanso.<\/p>\n<p>Para que realmente haya progreso, no basta con estar ocupado; es necesario enfocar los esfuerzos hacia metas claras y alcanzables. Esto implica no solo trabajar arduamente, sino tambi\u00e9n reflexionar sobre la eficiencia, la planificaci\u00f3n y la organizaci\u00f3n.<\/p>\n<p>El progreso tambi\u00e9n se puede entender en t\u00e9rminos de mejora personal y comunitaria. En este sentido, el avance no siempre se mide en t\u00e9rminos econ\u00f3micos. Un joven que accede a mejores herramientas educativas, una familia que puede mejorar sus condiciones de vivienda o una comunidad que encuentra formas de colaborar para mejorar su entorno, est\u00e1 progresando, aunque no necesariamente est\u00e9 \u201cocupado\u201d de la manera en que lo define la sociedad.<\/p>\n<p>La diferencia entre estar ocupado y estar progresando es una reflexi\u00f3n que, en el contexto cubano, se hace m\u00e1s evidente a medida que los desaf\u00edos de la vida diaria se entrelazan con el deseo de avanzar. Estar ocupado puede ser una respuesta a las limitaciones del entorno, pero solo cuando nuestras acciones est\u00e1n orientadas hacia objetivos claros y realistas, podemos afirmar que estamos progresando.<\/p>\n<p>Al final del d\u00eda, m\u00e1s all\u00e1 de la ocupaci\u00f3n, lo que realmente importa es c\u00f3mo nuestras acciones contribuyen a un futuro mejor para todos, en Cuba y en cualquier lugar del mundo.<\/p>\n<p>&nbsp;<\/p>\n<p>Fuentes: Juventud Rebelde, Cubas\u00ed, Alma Mater<\/p>\n","protected":false},"excerpt":{"rendered":"<p>La verdadera clave del progreso radica en la capacidad de transformar el esfuerzo en resultados tangibles, sin perder de vista que no todo lo que se hace a diario contribuye al avance verdadero<\/p>\n","protected":false},"author":4,"featured_media":60128,"comment_status":"open","ping_status":"open","sticky":false,"template":"","format":"standard","meta":{"_acf_changed":false,"footnotes":""},"categories":[1],"tags":[964],"coauthors":[1883],"class_list":["post-60127","post","type-post","status-publish","format-standard","has-post-thumbnail","hentry","category-sancti-spiritus","tag-economia-cubana"],"acf":[],"_links":{"self":[{"href":"https:\/\/www.radiosanctispiritus.cu\/es\/wp-json\/wp\/v2\/posts\/60127","targetHints":{"allow":["GET"]}}],"collection":[{"href":"https:\/\/www.radiosanctispiritus.cu\/es\/wp-json\/wp\/v2\/posts"}],"about":[{"href":"https:\/\/www.radiosanctispiritus.cu\/es\/wp-json\/wp\/v2\/types\/post"}],"author":[{"embeddable":true,"href":"https:\/\/www.radiosanctispiritus.cu\/es\/wp-json\/wp\/v2\/users\/4"}],"replies":[{"embeddable":true,"href":"https:\/\/www.radiosanctispiritus.cu\/es\/wp-json\/wp\/v2\/comments?post=60127"}],"version-history":[{"count":2,"href":"https:\/\/www.radiosanctispiritus.cu\/es\/wp-json\/wp\/v2\/posts\/60127\/revisions"}],"predecessor-version":[{"id":60130,"href":"https:\/\/www.radiosanctispiritus.cu\/es\/wp-json\/wp\/v2\/posts\/60127\/revisions\/60130"}],"wp:featuredmedia":[{"embeddable":true,"href":"https:\/\/www.radiosanctispiritus.cu\/es\/wp-json\/wp\/v2\/media\/60128"}],"wp:attachment":[{"href":"https:\/\/www.radiosanctispiritus.cu\/es\/wp-json\/wp\/v2\/media?parent=60127"}],"wp:term":[{"taxonomy":"category","embeddable":true,"href":"https:\/\/www.radiosanctispiritus.cu\/es\/wp-json\/wp\/v2\/categories?post=60127"},{"taxonomy":"post_tag","embeddable":true,"href":"https:\/\/www.radiosanctispiritus.cu\/es\/wp-json\/wp\/v2\/tags?post=60127"},{"taxonomy":"author","embeddable":true,"href":"https:\/\/www.radiosanctispiritus.cu\/es\/wp-json\/wp\/v2\/coauthors?post=60127"}],"curies":[{"name":"wp","href":"https:\/\/api.w.org\/{rel}","templated":true}]}}