{"id":59940,"date":"2025-12-18T23:55:43","date_gmt":"2025-12-19T04:55:43","guid":{"rendered":"https:\/\/www.radiosanctispiritus.cu\/es\/?p=59940"},"modified":"2025-12-19T06:30:45","modified_gmt":"2025-12-19T11:30:45","slug":"insta-presidente-cubano-en-el-parlamento-a-acciones-para-el-desarrollo-con-justicia","status":"publish","type":"post","link":"https:\/\/www.radiosanctispiritus.cu\/es\/insta-presidente-cubano-en-el-parlamento-a-acciones-para-el-desarrollo-con-justicia\/","title":{"rendered":"Insta presidente cubano en el Parlamento a acciones para el desarrollo con justicia"},"content":{"rendered":"<p>El presidente de Cuba, Miguel D\u00edaz-Canel, afirm\u00f3 este jueves que el complejo escenario econ\u00f3mico nacional exige acciones inmediatas para hacer avanzar la econom\u00eda y fortalecer la justicia social.<\/p>\n<p>Al intervenir en el Sexto Per\u00edodo Ordinario de Sesiones de la Asamblea Nacional del Poder Popular (parlamento), efectuado con la presencia del l\u00edder de la Revoluci\u00f3n Ra\u00fal Castro, el mandatario cubano record\u00f3 que su pa\u00eds vive bajo el asedio permanente de Estados Unidos.<\/p>\n<p>Afirm\u00f3 que el aumento de la agresividad del Gobierno estadounidense es parte de la doctrina imperialista de la actual administraci\u00f3n de esa potencia de \u201cpaz mediante la fuerza\u201d.<\/p>\n<p>Apunt\u00f3 que el corolario Trump y la Estrategia de Seguridad Nacional, publicadas recientemente, no dejan dudas de la intensi\u00f3n de apropiarse de las riquezas y recursos naturales del hemisferio occidental, y amenazan la paz en la regi\u00f3n latinoamericana.<\/p>\n<p>Expresi\u00f3n de ello \u2013afirm\u00f3- son las amenazas crecientes y las provocaciones contra Venezuela, \u201ccon pretextos tan insostenibles que cambian en cuesti\u00f3n de horas\u201d, las cuales calific\u00f3 de actos criminales y violatorios del Derecho Internacional.<\/p>\n<p>Denunci\u00f3 que contra Cuba Estados Unidos ejerce una agresi\u00f3n permanente a trav\u00e9s del bloqueo econ\u00f3mico y la inclusi\u00f3n de esta naci\u00f3n caribe\u00f1a en el unilateral listado del Departamento de Estado de pa\u00edses que supuestamente patrocinan el terrorismo.<\/p>\n<p>Simult\u00e1neamente, se incrementan la persecuci\u00f3n financiera, y las campa\u00f1as medi\u00e1ticas dirigidas a desestabilizar el pa\u00eds, da\u00f1ar la econom\u00eda, y afectar los v\u00ednculos con otras naciones.<\/p>\n<p>Se\u00f1al\u00f3 que frente a esto se ha hecho patente la solidaridad de pa\u00edses, fuerzas pol\u00edticas y movimientos sociales de numerosos pa\u00edses, mientras la isla fortalece los contactos con sus connacionales residentes en otras latitudes.<\/p>\n<p>Reafirm\u00f3 que \u201cunidad, continuidad y resistencia creativa\u201d es un principio irrenunciable para avanzar en medio de la tensa situaci\u00f3n econ\u00f3mica que enfrenta la naci\u00f3n, debido al decrecimiento del Producto Interno Bruto, de las inversiones, la inflaci\u00f3n y la disminuci\u00f3n del financiamiento externo, entre otros factores.<\/p>\n<p>En tal sentido, inst\u00f3 a realizar transformaciones estructurales y de mentalidad, para avanzar en el desarrollo sin descuidar la soberan\u00eda, la independencia, potenciando la justicia social.<\/p>\n<p>Corregir las distorsiones en le econom\u00eda, no es un slogan, es una batalla por el desarrollo con justicias social, remarc\u00f3 el jefe de Estado cubano.<\/p>\n<p><img decoding=\"async\" class=\"size-medium wp-image-59946 aligncenter\" src=\"https:\/\/www.radiosanctispiritus.cu\/es\/wp-content\/uploads\/Ano-del-Centenario-del-Comandante-en-Jefe-Fidel-Castro-Ruz-1-600x400.jpeg\" alt=\"\" width=\"600\" height=\"400\" srcset=\"https:\/\/www.radiosanctispiritus.cu\/es\/wp-content\/uploads\/Ano-del-Centenario-del-Comandante-en-Jefe-Fidel-Castro-Ruz-1-600x400.jpeg 600w, https:\/\/www.radiosanctispiritus.cu\/es\/wp-content\/uploads\/Ano-del-Centenario-del-Comandante-en-Jefe-Fidel-Castro-Ruz-1-768x512.jpeg 768w, https:\/\/www.radiosanctispiritus.cu\/es\/wp-content\/uploads\/Ano-del-Centenario-del-Comandante-en-Jefe-Fidel-Castro-Ruz-1.jpeg 1024w\" sizes=\"(max-width: 600px) 100vw, 600px\" \/><\/p>\n<p>2026: A\u00f1o del Centenario del Comandante en Jefe Fidel Castro Ruz<\/p>\n<p>El presidente de Cuba, Miguel D\u00edaz-Canel, propuso este jueves, en la Asamblea Nacional del Poder Popular, denominar al 2026 como el A\u00f1o del Centenario del Comandante en Jefe Fidel Castro Ruz.<\/p>\n<p>La propuesta, aprobada por unanimidad, constituye un homenaje al l\u00edder y una ratificaci\u00f3n de la unidad de sus ideas en la Revoluci\u00f3n Cubana.<\/p>\n<p>\u00abNo hubiera sido posible llegar hasta aqu\u00ed sin confiar en nuestra historia, y sin la convicci\u00f3n fuerte y clara que surgi\u00f3 de aquel encuentro entre los dos hermanos el 18 de diciembre de 1956 en Cinco Palmas. Hoy tambi\u00e9n estamos seguros de que \u00a1Ahora si ganamos la guerra!\u00bb, expres\u00f3 D\u00edaz-Canel.<\/p>\n<p>\u00abLos cubanos de hoy somos vencedores de imposibles y que el a\u00f1o 2026, A\u00f1o del Centenario del Comandante en Jefe Fidel Castro Ruz, nos encuentre peleando y m\u00e1s unidos que nunca\u00bb, concluy\u00f3.<\/p>\n","protected":false},"excerpt":{"rendered":"<p>El presidente de Cuba, Miguel D\u00edaz-Canel, afirm\u00f3 este jueves que el complejo escenario econ\u00f3mico nacional exige acciones inmediatas para hacer avanzar la econom\u00eda y fortalecer la justicia social.<\/p>\n","protected":false},"author":22,"featured_media":59941,"comment_status":"open","ping_status":"open","sticky":false,"template":"","format":"standard","meta":{"_acf_changed":false,"footnotes":""},"categories":[1],"tags":[227,28,272],"coauthors":[1882],"class_list":["post-59940","post","type-post","status-publish","format-standard","has-post-thumbnail","hentry","category-sancti-spiritus","tag-asamblea-nacional-del-poder-popular","tag-miguel-diaz-canel","tag-parlamento-cubano"],"acf":[],"_links":{"self":[{"href":"https:\/\/www.radiosanctispiritus.cu\/es\/wp-json\/wp\/v2\/posts\/59940","targetHints":{"allow":["GET"]}}],"collection":[{"href":"https:\/\/www.radiosanctispiritus.cu\/es\/wp-json\/wp\/v2\/posts"}],"about":[{"href":"https:\/\/www.radiosanctispiritus.cu\/es\/wp-json\/wp\/v2\/types\/post"}],"author":[{"embeddable":true,"href":"https:\/\/www.radiosanctispiritus.cu\/es\/wp-json\/wp\/v2\/users\/22"}],"replies":[{"embeddable":true,"href":"https:\/\/www.radiosanctispiritus.cu\/es\/wp-json\/wp\/v2\/comments?post=59940"}],"version-history":[{"count":4,"href":"https:\/\/www.radiosanctispiritus.cu\/es\/wp-json\/wp\/v2\/posts\/59940\/revisions"}],"predecessor-version":[{"id":59947,"href":"https:\/\/www.radiosanctispiritus.cu\/es\/wp-json\/wp\/v2\/posts\/59940\/revisions\/59947"}],"wp:featuredmedia":[{"embeddable":true,"href":"https:\/\/www.radiosanctispiritus.cu\/es\/wp-json\/wp\/v2\/media\/59941"}],"wp:attachment":[{"href":"https:\/\/www.radiosanctispiritus.cu\/es\/wp-json\/wp\/v2\/media?parent=59940"}],"wp:term":[{"taxonomy":"category","embeddable":true,"href":"https:\/\/www.radiosanctispiritus.cu\/es\/wp-json\/wp\/v2\/categories?post=59940"},{"taxonomy":"post_tag","embeddable":true,"href":"https:\/\/www.radiosanctispiritus.cu\/es\/wp-json\/wp\/v2\/tags?post=59940"},{"taxonomy":"author","embeddable":true,"href":"https:\/\/www.radiosanctispiritus.cu\/es\/wp-json\/wp\/v2\/coauthors?post=59940"}],"curies":[{"name":"wp","href":"https:\/\/api.w.org\/{rel}","templated":true}]}}