{"id":59850,"date":"2025-12-18T05:35:15","date_gmt":"2025-12-18T10:35:15","guid":{"rendered":"https:\/\/www.radiosanctispiritus.cu\/es\/?p=59850"},"modified":"2025-12-18T11:21:14","modified_gmt":"2025-12-18T16:21:14","slug":"torre-de-manaca-iznaga-despedira-el-ano-rejuvenecida","status":"publish","type":"post","link":"https:\/\/www.radiosanctispiritus.cu\/es\/torre-de-manaca-iznaga-despedira-el-ano-rejuvenecida\/","title":{"rendered":"Torre de Manaca-Iznaga despedir\u00e1 el a\u00f1o rejuvenecida"},"content":{"rendered":"<p>La restauraci\u00f3n de la Torre Manaca-Iznaga, uno de los s\u00edmbolos m\u00e1s representativos del Valle de los Ingenios, est\u00e1 pr\u00f3xima a concluir este mes de diciembre. La intervenci\u00f3n devolver\u00e1 estabilidad, funcionalidad y atractivo a esta edificaci\u00f3n hist\u00f3rica, cerrada desde hace m\u00e1s de seis meses debido al deterioro de sus elementos de madera.<\/p>\n<p>Aunque la torre conserva una s\u00f3lida base construida con ladrillos de barro cocido y mezcla de cal y arena, las piezas de madera \u2014expuestas durante d\u00e9cadas a las inclemencias del clima\u2014 presentaban un deterioro considerable. Esto motiv\u00f3 el cierre temporal del mirador.<\/p>\n<p>Seg\u00fan Fernando D\u00edaz Su\u00e1rez, director municipal de Cultura, los trabajos incluyen: Sustituci\u00f3n de m\u00e1s de 50 pelda\u00f1os, reemplazo de columnas y vigas que conforman los pisos y pasamanos, reparaci\u00f3n general de elementos estructurales en mal estado, pintura interior de toda la torre y limpieza y reordenamiento de las \u00e1reas exteriores, con participaci\u00f3n de artesanos y trabajadores por cuenta propia de la zona.<\/p>\n<p>La obra est\u00e1 a cargo de una MIPYME constructora, contratada para ejecutar las labores especializadas.<\/p>\n<p>El proyecto cuenta con m\u00e1s de 300 mil pesos del presupuesto de Cultura.<\/p>\n<p>El objetivo es concluir la restauraci\u00f3n en saludo al 512 aniversario de la Fundaci\u00f3n de Trinidad y coincidiendo con la temporada alta del turismo.<\/p>\n<p>La Torre Manaca-Iznaga, con 45 metros de altura y casi 200 escalones, es Monumento Nacional desde 1978. Su reapertura devolver\u00e1 al Valle de los Ingenios uno de sus principales atractivos tur\u00edsticos y patrimoniales.<\/p>\n<p>Yadira Bernal, directora de Patrimonio en Sancti Sp\u00edritus, destac\u00f3 que el cierre fue necesario debido al riesgo que representaba para los visitantes, pero subray\u00f3 la importancia de la torre como s\u00edmbolo del poder\u00edo colonial trinitario.<\/p>\n<p>https:\/\/www.ivoox.com\/juan-carlos-concluira-restauracion-de-torre-iznaga-este-audios-mp3_rf_164242616_1.html<\/p>\n<p>&nbsp;<\/p>\n","protected":false},"excerpt":{"rendered":"<p>La restauraci\u00f3n de la Torre Manaca-Iznaga, uno de los s\u00edmbolos m\u00e1s representativos del Valle de los Ingenios, est\u00e1 pr\u00f3xima a concluir este mes de diciembre. La intervenci\u00f3n devolver\u00e1 estabilidad, funcionalidad y atractivo a esta edificaci\u00f3n hist\u00f3rica, cerrada desde hace m\u00e1s de seis meses debido al deterioro de sus elementos de madera.<\/p>\n","protected":false},"author":145,"featured_media":59882,"comment_status":"open","ping_status":"open","sticky":false,"template":"","format":"standard","meta":{"_acf_changed":false,"footnotes":""},"categories":[9,8,1,1170],"tags":[2138,32,1780,2137,40,23,495],"coauthors":[1886],"class_list":["post-59850","post","type-post","status-publish","format-standard","has-post-thumbnail","hentry","category-en-audio","category-noticia","category-sancti-spiritus","category-turismo","tag-512-aniversario","tag-patrimonio","tag-sancti-spiritus","tag-torre-manaca-iznaga","tag-trinidad","tag-turismo","tag-valle-de-los-ingenios"],"acf":[],"_links":{"self":[{"href":"https:\/\/www.radiosanctispiritus.cu\/es\/wp-json\/wp\/v2\/posts\/59850","targetHints":{"allow":["GET"]}}],"collection":[{"href":"https:\/\/www.radiosanctispiritus.cu\/es\/wp-json\/wp\/v2\/posts"}],"about":[{"href":"https:\/\/www.radiosanctispiritus.cu\/es\/wp-json\/wp\/v2\/types\/post"}],"author":[{"embeddable":true,"href":"https:\/\/www.radiosanctispiritus.cu\/es\/wp-json\/wp\/v2\/users\/145"}],"replies":[{"embeddable":true,"href":"https:\/\/www.radiosanctispiritus.cu\/es\/wp-json\/wp\/v2\/comments?post=59850"}],"version-history":[{"count":4,"href":"https:\/\/www.radiosanctispiritus.cu\/es\/wp-json\/wp\/v2\/posts\/59850\/revisions"}],"predecessor-version":[{"id":59874,"href":"https:\/\/www.radiosanctispiritus.cu\/es\/wp-json\/wp\/v2\/posts\/59850\/revisions\/59874"}],"wp:featuredmedia":[{"embeddable":true,"href":"https:\/\/www.radiosanctispiritus.cu\/es\/wp-json\/wp\/v2\/media\/59882"}],"wp:attachment":[{"href":"https:\/\/www.radiosanctispiritus.cu\/es\/wp-json\/wp\/v2\/media?parent=59850"}],"wp:term":[{"taxonomy":"category","embeddable":true,"href":"https:\/\/www.radiosanctispiritus.cu\/es\/wp-json\/wp\/v2\/categories?post=59850"},{"taxonomy":"post_tag","embeddable":true,"href":"https:\/\/www.radiosanctispiritus.cu\/es\/wp-json\/wp\/v2\/tags?post=59850"},{"taxonomy":"author","embeddable":true,"href":"https:\/\/www.radiosanctispiritus.cu\/es\/wp-json\/wp\/v2\/coauthors?post=59850"}],"curies":[{"name":"wp","href":"https:\/\/api.w.org\/{rel}","templated":true}]}}