{"id":59788,"date":"2025-12-17T05:02:56","date_gmt":"2025-12-17T10:02:56","guid":{"rendered":"https:\/\/www.radiosanctispiritus.cu\/es\/?p=59788"},"modified":"2025-12-17T06:40:45","modified_gmt":"2025-12-17T11:40:45","slug":"autoridades-espirituanas-destacan-respuesta-ante-intensas-lluvias-en-yaguajay","status":"publish","type":"post","link":"https:\/\/www.radiosanctispiritus.cu\/es\/autoridades-espirituanas-destacan-respuesta-ante-intensas-lluvias-en-yaguajay\/","title":{"rendered":"Autoridades espirituanas destacan respuesta ante intensas lluvias en Yaguajay"},"content":{"rendered":"<p>Deivy P\u00e9rez Mart\u00edn, miembro del Comit\u00e9 Central del Partido y Primera Secretaria en Sancti Sp\u00edritus, y Alexis Lorente Jim\u00e9nez, Gobernador Provincial, destacaron la cohesi\u00f3n, agilidad y organizaci\u00f3n en la respuesta a las afectaciones ocasionadas por las intensas lluvias durante la jornada de este martes en comunidades de Yaguajay.<\/p>\n<p>Durante la sesi\u00f3n del Consejo de Defensa Municipal, la dirigente partidista insisti\u00f3 en la necesidad de llegar a cada familia y cuantificar los da\u00f1os, as\u00ed como las posibles soluciones en dependencia de los recursos de que se dispone.<\/p>\n<p>Seg\u00fan trascendi\u00f3 en el an\u00e1lisis, las mayores afectaciones se concentran en la comunidad de Nela, la que permaneci\u00f3 inundada en la tarde de este martes y hacia donde se concentran los principales esfuerzos.<\/p>\n<p>En la sesi\u00f3n del Consejo de Defensa Municipal en Yaguajay se supo, adem\u00e1s que se mantienen vitales los servicios de salud en las cuatro \u00e1reas del municipio y se garantiza la alimentaci\u00f3n a las familias afectadas.<\/p>\n<p>Mileidy Mili\u00e1n Barnes, presidenta del Consejo de Defensa Municipal, llam\u00f3 a mantener la vigilancia de la situaci\u00f3n meteorol\u00f3gica en las zonas de defensa de dif\u00edcil acceso, donde adem\u00e1s se deben garantizar las comunicaciones permanentes con este \u00f3rgano de direcci\u00f3n.<\/p>\n<p>Tambi\u00e9n se realiz\u00f3 un llamado a mantener y no descuidar el seguimiento a la situaci\u00f3n epidemiol\u00f3gica a partir de las condiciones que existen para la propagaci\u00f3n de enfermedades.<\/p>\n<p>Ante las intensas lluvias que iniciaron en horas de la noche del pasado lunes y se extendieron durante toda la jornada de este martes y que afectaron a varias comunidades de Yaguajay, no hubo que lamentar p\u00e9rdida de vidas humanas.<\/p>\n<p><iframe src=\"https:\/\/www.ivoox.com\/player_ej_164426213_6_1.html?c1=7a0d0b\" width=\"100%\" height=\"200\" frameborder=\"0\" scrolling=\"no\" allowfullscreen=\"allowfullscreen\"><\/iframe><\/p>\n","protected":false},"excerpt":{"rendered":"<p>Deivy P\u00e9rez Mart\u00edn, miembro del Comit\u00e9 Central del Partido y Primera Secretaria en Sancti Sp\u00edritus, y Alexis Lorente Jim\u00e9nez, Gobernador Provincial, destacaron la cohesi\u00f3n, agilidad y organizaci\u00f3n en la respuesta a las afectaciones ocasionadas por las intensas lluvias durante la jornada de este martes en comunidades de Yaguajay.<\/p>\n","protected":false},"author":140,"featured_media":59731,"comment_status":"open","ping_status":"open","sticky":false,"template":"","format":"standard","meta":{"_acf_changed":false,"footnotes":""},"categories":[9,8,1],"tags":[1053,44,271,112,106],"coauthors":[1880],"class_list":["post-59788","post","type-post","status-publish","format-standard","has-post-thumbnail","hentry","category-en-audio","category-noticia","category-sancti-spiritus","tag-alexis-lorente","tag-deivy-perez-martin","tag-lluvias","tag-meteorologia","tag-yaguajay"],"acf":[],"_links":{"self":[{"href":"https:\/\/www.radiosanctispiritus.cu\/es\/wp-json\/wp\/v2\/posts\/59788","targetHints":{"allow":["GET"]}}],"collection":[{"href":"https:\/\/www.radiosanctispiritus.cu\/es\/wp-json\/wp\/v2\/posts"}],"about":[{"href":"https:\/\/www.radiosanctispiritus.cu\/es\/wp-json\/wp\/v2\/types\/post"}],"author":[{"embeddable":true,"href":"https:\/\/www.radiosanctispiritus.cu\/es\/wp-json\/wp\/v2\/users\/140"}],"replies":[{"embeddable":true,"href":"https:\/\/www.radiosanctispiritus.cu\/es\/wp-json\/wp\/v2\/comments?post=59788"}],"version-history":[{"count":4,"href":"https:\/\/www.radiosanctispiritus.cu\/es\/wp-json\/wp\/v2\/posts\/59788\/revisions"}],"predecessor-version":[{"id":59795,"href":"https:\/\/www.radiosanctispiritus.cu\/es\/wp-json\/wp\/v2\/posts\/59788\/revisions\/59795"}],"wp:featuredmedia":[{"embeddable":true,"href":"https:\/\/www.radiosanctispiritus.cu\/es\/wp-json\/wp\/v2\/media\/59731"}],"wp:attachment":[{"href":"https:\/\/www.radiosanctispiritus.cu\/es\/wp-json\/wp\/v2\/media?parent=59788"}],"wp:term":[{"taxonomy":"category","embeddable":true,"href":"https:\/\/www.radiosanctispiritus.cu\/es\/wp-json\/wp\/v2\/categories?post=59788"},{"taxonomy":"post_tag","embeddable":true,"href":"https:\/\/www.radiosanctispiritus.cu\/es\/wp-json\/wp\/v2\/tags?post=59788"},{"taxonomy":"author","embeddable":true,"href":"https:\/\/www.radiosanctispiritus.cu\/es\/wp-json\/wp\/v2\/coauthors?post=59788"}],"curies":[{"name":"wp","href":"https:\/\/api.w.org\/{rel}","templated":true}]}}