{"id":59715,"date":"2025-12-16T13:39:27","date_gmt":"2025-12-16T18:39:27","guid":{"rendered":"https:\/\/www.radiosanctispiritus.cu\/es\/?p=59715"},"modified":"2025-12-16T13:39:27","modified_gmt":"2025-12-16T18:39:27","slug":"la-ofensiva-rebelde-de-las-villas-libero-el-centro-de-cuba","status":"publish","type":"post","link":"https:\/\/www.radiosanctispiritus.cu\/es\/la-ofensiva-rebelde-de-las-villas-libero-el-centro-de-cuba\/","title":{"rendered":"La ofensiva rebelde de Las Villas liber\u00f3 el centro de Cuba"},"content":{"rendered":"<p>El 16 de diciembre de 1958, combatientes del Frente de Las Villas, bajo el mando del Comandante Ernesto Che Guevara, liberaron Fomento, para dar paso a una indetenible ofensiva que incluy\u00f3 la toma de cabeceras municipales de la entonces central provincia.<\/p>\n<p>Durante tres d\u00edas grupos rebeldes fueron capturando el centro telef\u00f3nico, la emisora de radio, el teatro Baroja y, finalmente, el cuartel de la tiran\u00eda.<\/p>\n<p>Antes de iniciar los combates el Che ubic\u00f3 parte de su tropa en emboscadas en la carretera a Placetas y el camino a Cabaigu\u00e1n, previendo que el enemigo intentara apoyar a los rodeados; sin embargo, al no ocurrir el Guerrillero Heroico sentenci\u00f3: \u201cCuartel cercado, cuartel tomado\u201d.<\/p>\n<p>La toma de Fomento, primer municipio libre en la entonces provincia de Las Villas, abri\u00f3 un camino indetenible al posibilitar armar con el abundante armamento y parque ocupado a reclutas de la escuela de Caballete de Casa.<\/p>\n<p>Sin detenerse, como un hurac\u00e1n, las tropas del Frente de Las Villas, avanzaron sobre Cabaigu\u00e1n y Guayos, cortando al pa\u00eds en dos al dominar la Carretera Central y el ferrocarril.<\/p>\n<p>Sancti Sp\u00edritus, Trinidad, Jatibonico, Placetas, Remedios y Caibari\u00e9n, junto a otros poblados eran liberadas por los rebeldes bajo el mando del Che.<\/p>\n<p>Por su parte, el Comandante Camilo Cienfuegos, con sus combatientes del Frente Norte de Las Villas, ocupaba las madrigueras batistianas y dejaba libre toda esa zona.<\/p>\n<p>El \u00faltimo d\u00eda de diciembre de 1958, Yaguajay se incorporaba a los territorios liberados y Santa Clara estaba pr\u00e1cticamente en manos de la Revoluci\u00f3n; conclu\u00eda as\u00ed la ofensiva villare\u00f1a, que contribuy\u00f3 a la ca\u00edda del tirano.<\/p>\n","protected":false},"excerpt":{"rendered":"<p>El 16 de diciembre de 1958, combatientes del Frente de Las Villas, bajo el mando del Comandante Ernesto Che Guevara, liberaron Fomento, para dar paso a una indetenible ofensiva que incluy\u00f3 la toma de cabeceras municipales de la entonces central provincia.<\/p>\n","protected":false},"author":141,"featured_media":59716,"comment_status":"open","ping_status":"open","sticky":false,"template":"","format":"standard","meta":{"_acf_changed":false,"footnotes":""},"categories":[8,1],"tags":[630],"coauthors":[1940],"class_list":["post-59715","post","type-post","status-publish","format-standard","has-post-thumbnail","hentry","category-noticia","category-sancti-spiritus","tag-fomento"],"acf":[],"_links":{"self":[{"href":"https:\/\/www.radiosanctispiritus.cu\/es\/wp-json\/wp\/v2\/posts\/59715","targetHints":{"allow":["GET"]}}],"collection":[{"href":"https:\/\/www.radiosanctispiritus.cu\/es\/wp-json\/wp\/v2\/posts"}],"about":[{"href":"https:\/\/www.radiosanctispiritus.cu\/es\/wp-json\/wp\/v2\/types\/post"}],"author":[{"embeddable":true,"href":"https:\/\/www.radiosanctispiritus.cu\/es\/wp-json\/wp\/v2\/users\/141"}],"replies":[{"embeddable":true,"href":"https:\/\/www.radiosanctispiritus.cu\/es\/wp-json\/wp\/v2\/comments?post=59715"}],"version-history":[{"count":2,"href":"https:\/\/www.radiosanctispiritus.cu\/es\/wp-json\/wp\/v2\/posts\/59715\/revisions"}],"predecessor-version":[{"id":59718,"href":"https:\/\/www.radiosanctispiritus.cu\/es\/wp-json\/wp\/v2\/posts\/59715\/revisions\/59718"}],"wp:featuredmedia":[{"embeddable":true,"href":"https:\/\/www.radiosanctispiritus.cu\/es\/wp-json\/wp\/v2\/media\/59716"}],"wp:attachment":[{"href":"https:\/\/www.radiosanctispiritus.cu\/es\/wp-json\/wp\/v2\/media?parent=59715"}],"wp:term":[{"taxonomy":"category","embeddable":true,"href":"https:\/\/www.radiosanctispiritus.cu\/es\/wp-json\/wp\/v2\/categories?post=59715"},{"taxonomy":"post_tag","embeddable":true,"href":"https:\/\/www.radiosanctispiritus.cu\/es\/wp-json\/wp\/v2\/tags?post=59715"},{"taxonomy":"author","embeddable":true,"href":"https:\/\/www.radiosanctispiritus.cu\/es\/wp-json\/wp\/v2\/coauthors?post=59715"}],"curies":[{"name":"wp","href":"https:\/\/api.w.org\/{rel}","templated":true}]}}