{"id":59669,"date":"2025-12-15T09:58:37","date_gmt":"2025-12-15T14:58:37","guid":{"rendered":"https:\/\/www.radiosanctispiritus.cu\/es\/?p=59669"},"modified":"2025-12-15T09:58:37","modified_gmt":"2025-12-15T14:58:37","slug":"trabajar-bien-y-mas-unidos-nuestro-aporte-a-una-cuba-mejor","status":"publish","type":"post","link":"https:\/\/www.radiosanctispiritus.cu\/es\/trabajar-bien-y-mas-unidos-nuestro-aporte-a-una-cuba-mejor\/","title":{"rendered":"Trabajar bien y m\u00e1s unidos, nuestro aporte a una Cuba mejor"},"content":{"rendered":"<p>El XI Pleno del Comit\u00e9 Central del Partido Comunista de Cuba, celebrado por videoconferencia el pasado 13 de diciembre, adopt\u00f3 meridianos acuerdos frente a la desafiante situaci\u00f3n econ\u00f3mica, pol\u00edtica y social del pa\u00eds, en un contexto de bloqueo recrudecido y permanente guerra medi\u00e1tica.<\/p>\n<p>Una de las decisiones trascendentales del encuentro fue la posposici\u00f3n del 9no. Congreso de la organizaci\u00f3n pol\u00edtica, a partir de la propuesta del General de Ej\u00e9rcito Ra\u00fal Castro Ruz, l\u00edder al frente de la Revoluci\u00f3n Cubana, dada a conocer por el Primer Secretario del Comit\u00e9 Central del Partido y Presidente de la Rep\u00fablica, Miguel D\u00edaz-Canel Berm\u00fadez, a trav\u00e9s de una carta le\u00edda ante el Pleno, analizada previamente en el Bur\u00f3 Pol\u00edtico.<\/p>\n<p>En su misiva, el General de Ej\u00e9rcito enfatiz\u00f3 en el principio de hacer en todo momento lo que m\u00e1s convenga a la Revoluci\u00f3n, por lo que argument\u00f3 lo aconsejable de posponer la realizaci\u00f3n del 9no. Congreso \u2013previsto para abril del pr\u00f3ximo a\u00f1o\u2013 para una fecha posterior, y consagrar desde ahora todos los recursos del pa\u00eds, el esfuerzo y la energ\u00eda de los cuadros a resolver los problemas actuales; as\u00ed como dedicar 2026 a recuperarnos todo lo que sea posible.<\/p>\n<p>Al adoptar la necesaria y oportuna decisi\u00f3n, los miembros del Comit\u00e9 Central ratificaron la importancia de cohesionar las fuerzas en el desarrollo de la naci\u00f3n y crear las condiciones para un mejor y fruct\u00edfero Congreso, con la responsabilidad del Partido de guiar al pueblo, estar junto a \u00e9l, movilizarlo para producir, desarrollarnos, obtener resultados que logren, en el m\u00e1s breve plazo posible, impactar en las condiciones de vida de la poblaci\u00f3n y dar s\u00f3lido sost\u00e9n a los avances sociales conquistados, como expresa la convocatoria al m\u00e1ximo evento, aprobada en julio, en el anterior Pleno.<\/p>\n<p>Para ello resulta imprescindible, en el presente inmediato, enriquecer y perfeccionar el Programa de Gobierno para corregir distorsiones y reimpulsar la econom\u00eda; avanzar en la implementaci\u00f3n de las medidas econ\u00f3micas aprobadas; garantizar que el Presupuesto del pr\u00f3ximo a\u00f1o responda a las prioridades del pueblo y a la defensa de la Revoluci\u00f3n, as\u00ed como reforzar la atenci\u00f3n a los territorios afectados por desastres naturales, sin que nadie quede desamparado.<\/p>\n<p>Imprescindible resultar\u00e1, adem\u00e1s, promover la participaci\u00f3n activa de la juventud en todos los \u00e1mbitos de la vida nacional, e intensificar la batalla ideol\u00f3gica, cultural y comunicacional, defendiendo la verdad de Cuba frente a la manipulaci\u00f3n y la desinformaci\u00f3n.<\/p>\n<p>Estas prioridades de trabajo, que deline\u00f3 el Primer Secretario en la clausura del XI Pleno, tributan directamente a la unidad. Deber\u00e1n enfocarse con mayor dinamismo a partir de ahora, desde una mirada cr\u00edtica y autocr\u00edtica, en consonancia con los tiempos complejos que vivimos, afianzando siempre la participaci\u00f3n popular.<\/p>\n<p>Concentrarnos en estas prioridades permitir\u00e1 obtener resultados palpables, desterrando cualquier atisbo de inercia, burocratismo o mentalidad pesimista. El llamado es a la acci\u00f3n, a producir m\u00e1s, generar ingresos, multiplicar las positivas experiencias y aprovechar todas las oportunidades para desarrollarnos.<\/p>\n<p>A las puertas de 2026, a\u00f1o en que celebraremos el centenario del Comandante en Jefe, salgamos a librar esta batalla econ\u00f3mica e ideol\u00f3gica, con la confianza en que, si trabajamos bien y m\u00e1s unidos, estaremos dando nuestro aporte a una Cuba mejor. Ser\u00e1 el m\u00e1s digno homenaje a nuestro hist\u00f3rico l\u00edder.<\/p>\n<p>El XI Pleno ratific\u00f3 que s\u00ed es posible, que podemos emanciparnos por nosotros mismos y con nuestros propios esfuerzos. S\u00ed es posible dar el salto que se requiere, pero depende de la consagraci\u00f3n y el empuje diario, como lo demuestran quienes, luego del paso del hurac\u00e1n Melissa, se han volcado de lleno a la recuperaci\u00f3n en las provincias orientales.<\/p>\n<p>Contamos con un pueblo heroico, cuajado en la lucha mambisa y rebelde, que hace de cada d\u00eda de resistencia creativa una victoria y no se doblega ante bloqueos ni amenazas imperiales. Un pueblo de ra\u00edz martiana que conf\u00eda en su vanguardia pol\u00edtica, el Partido Comunista, y sigue siendo fiel a las ense\u00f1anzas de Fidel y Ra\u00fal.<\/p>\n<p>A pocos d\u00edas del aniversario 67 del triunfo de la Revoluci\u00f3n, ese mismo pueblo hace suyas las palabras del Primer Secretario del Partido y Presidente de la Rep\u00fablica, Miguel D\u00edaz-Canel Berm\u00fadez, en la clausura del xi Pleno del Comit\u00e9 Central: \u00abLo revolucionario es levantarnos cada d\u00eda dispuestos a enfrentar con energ\u00eda la desidia y la afrenta, la agresi\u00f3n externa y las complejas situaciones que asedian a las econom\u00edas de pa\u00edses como el nuestro, que fueron despojados de sus recursos y derechos m\u00e1s de una vez, y el cerco especialmente dise\u00f1ado para castigar a la rebelde Cuba por su osada pretensi\u00f3n de seguir siendo libre, independiente y soberana a unas pocas millas del imperio\u00bb.<\/p>\n","protected":false},"excerpt":{"rendered":"<p>A las puertas de 2026, a\u00f1o en que celebraremos el centenario del Comandante en Jefe, salgamos a librar esta batalla econ\u00f3mica e ideol\u00f3gica, asegura un editorial del peri\u00f3dico Granma, publicado este lunes bajo el t\u00edtulo: Cada d\u00eda de la Revoluci\u00f3n es una victoria<\/p>\n","protected":false},"author":24,"featured_media":59670,"comment_status":"open","ping_status":"open","sticky":false,"template":"","format":"standard","meta":{"_acf_changed":false,"footnotes":""},"categories":[8,3,16],"tags":[74,75,1242],"coauthors":[1904],"class_list":["post-59669","post","type-post","status-publish","format-standard","has-post-thumbnail","hentry","category-noticia","category-cuba","category-economia","tag-partido-comunista-de-cuba","tag-pcc","tag-pleno-comite-central-pcc"],"acf":[],"_links":{"self":[{"href":"https:\/\/www.radiosanctispiritus.cu\/es\/wp-json\/wp\/v2\/posts\/59669","targetHints":{"allow":["GET"]}}],"collection":[{"href":"https:\/\/www.radiosanctispiritus.cu\/es\/wp-json\/wp\/v2\/posts"}],"about":[{"href":"https:\/\/www.radiosanctispiritus.cu\/es\/wp-json\/wp\/v2\/types\/post"}],"author":[{"embeddable":true,"href":"https:\/\/www.radiosanctispiritus.cu\/es\/wp-json\/wp\/v2\/users\/24"}],"replies":[{"embeddable":true,"href":"https:\/\/www.radiosanctispiritus.cu\/es\/wp-json\/wp\/v2\/comments?post=59669"}],"version-history":[{"count":2,"href":"https:\/\/www.radiosanctispiritus.cu\/es\/wp-json\/wp\/v2\/posts\/59669\/revisions"}],"predecessor-version":[{"id":59672,"href":"https:\/\/www.radiosanctispiritus.cu\/es\/wp-json\/wp\/v2\/posts\/59669\/revisions\/59672"}],"wp:featuredmedia":[{"embeddable":true,"href":"https:\/\/www.radiosanctispiritus.cu\/es\/wp-json\/wp\/v2\/media\/59670"}],"wp:attachment":[{"href":"https:\/\/www.radiosanctispiritus.cu\/es\/wp-json\/wp\/v2\/media?parent=59669"}],"wp:term":[{"taxonomy":"category","embeddable":true,"href":"https:\/\/www.radiosanctispiritus.cu\/es\/wp-json\/wp\/v2\/categories?post=59669"},{"taxonomy":"post_tag","embeddable":true,"href":"https:\/\/www.radiosanctispiritus.cu\/es\/wp-json\/wp\/v2\/tags?post=59669"},{"taxonomy":"author","embeddable":true,"href":"https:\/\/www.radiosanctispiritus.cu\/es\/wp-json\/wp\/v2\/coauthors?post=59669"}],"curies":[{"name":"wp","href":"https:\/\/api.w.org\/{rel}","templated":true}]}}