{"id":59660,"date":"2025-12-15T01:47:45","date_gmt":"2025-12-15T06:47:45","guid":{"rendered":"https:\/\/www.radiosanctispiritus.cu\/es\/?p=59660"},"modified":"2025-12-15T01:47:45","modified_gmt":"2025-12-15T06:47:45","slug":"aprueba-alba-tcp-mision-para-apoyar-restitucion-electrica-de-cuba","status":"publish","type":"post","link":"https:\/\/www.radiosanctispiritus.cu\/es\/aprueba-alba-tcp-mision-para-apoyar-restitucion-electrica-de-cuba\/","title":{"rendered":"Aprueba ALBA-TCP misi\u00f3n para apoyar restituci\u00f3n el\u00e9ctrica de Cuba"},"content":{"rendered":"<p>La Alianza Bolivariana para los Pueblos de Nuestra Am\u00e9rica-Tratado de Comercio de los Pueblos (ALBA-TCP) aprob\u00f3 este domingo la creaci\u00f3n de la Misi\u00f3n Internacional de Energ\u00eda y Electricidad para apoyar la restituci\u00f3n total del sistema el\u00e9ctrico de Cuba.<\/p>\n<p>As\u00ed fue dado a conocer por el presidente de Venezuela, Nicol\u00e1s Maduro, al dar lectura a la declaraci\u00f3n final de la XXV Cumbre de Jefes de Estado y de Gobierno que sesion\u00f3 este domingo a modo virtual entre sus nueve pa\u00edses miembros.<\/p>\n<p>El mandatario bolivariano coment\u00f3 que dio instrucciones para elevar \u201ctodo lo que estamos haciendo, dos, tres veces m\u00e1s\u201d y asegur\u00f3 \u201cvamos a salir mejor, m\u00e1s fuertes, m\u00e1s conscientes y m\u00e1s victoriosos que nunca\u201d.<\/p>\n<p>La declaraci\u00f3n final contempla 13 puntos y est\u00e1 enmarcada en el contexto del centenario del nacimiento del l\u00edder hist\u00f3rico de la Revoluci\u00f3n cubana, Fidel Castro, del bicentenario del Congreso Anficti\u00f3nico de Panam\u00e1 de 1826 y de las crecientes amenazas a la paz y estabilidad de Am\u00e9rica Latina y el Caribe.<\/p>\n<p>El texto honra la historia y legado del comandante en Jefe Fidel Castro, a quien llam\u00f3 precursor fundacional de la organizaci\u00f3n junto al l\u00edder bolivariano Hugo Ch\u00e1vez, y gran articulador de los sue\u00f1os de Jos\u00e9 Mart\u00ed para el pueblo cubano, latinoamericanos y caribe\u00f1os.<\/p>\n<p>Reafirm\u00f3 el compromiso inquebrantable para seguir profundizando la doctrina bolivariana, pensamiento y acci\u00f3n e \u201cincompatible con toda forma de hegemon\u00eda, dominaci\u00f3n o tutela imperial\u201d, pilar fundamental que inspir\u00f3 a Fidel y a Ch\u00e1vez a fundar la Alianza Bolivariana.<\/p>\n<p>Asimismo, conden\u00f3 en los t\u00e9rminos m\u00e1s en\u00e9rgicos el declarado prop\u00f3sito de la reci\u00e9n publica Estrategia de Seguridad Nacional de Estados Unidos, orientada a reafirmar la \u201cobsoleta e hist\u00f3ricamente derrota Doctrina Monroe\u201d, as\u00ed como el acto de pirater\u00eda cometido por ese gobierno al asaltar y conquistar un buque petrolero venezolano en el mar Caribe.<\/p>\n<p>Consider\u00f3 que este hecho viola el derecho internacional y ataca la soberan\u00eda de la Rep\u00fablica Bolivariana, y felicit\u00f3 al pueblo venezolano por demostrar, una vez m\u00e1s, una profunda resiliencia frente a las adversidades y defendi\u00f3 con coraje y conciencia su dignidad y derecho a su propio destino.<\/p>\n<p>La declaraci\u00f3n del ALBA-TCP demand\u00f3 la exclusi\u00f3n de Cuba de la \u201carbitraria y espuria lista de pa\u00edses que supuestamente patrocinan el terrorismo\u201d; y resalt\u00f3 los logros del Gobierno de Reconciliaci\u00f3n Nacional de Nicaragua en la construcci\u00f3n de una econom\u00eda soberana, de un pa\u00eds que es libre cada vez m\u00e1s cristiano y socialista.<\/p>\n<p>De otro lado, demand\u00f3 el cese inmediato de toda amenaza militar contra cualquier pa\u00eds de Nuestra Am\u00e9rica y reiter\u00f3 la plena vigencia de la Proclama de Am\u00e9rica Latina y el Caribe como Zona de Paz, aprobada en enero de 2014 en La Habana, Cuba.<\/p>\n<p>Reafirm\u00f3, adem\u00e1s, el compromiso con la defensa de los derechos de las personas migrantes, adem\u00e1s de exigir los cumplimientos de los protocolos de repatriaci\u00f3n segura, ordenada y respetuosa con dignidad humana.<\/p>\n<p>Finalmente, reconoci\u00f3 los avances de los programas AgroAlba y AlbaAzul, orientados a incrementar los niveles de soberan\u00eda alimentaria y productiva; celebr\u00f3 el inicio de las operaciones del Barco del Alba, y aprob\u00f3 el Plan de Acci\u00f3n del 2026, el cual est\u00e1 orientado a los objetivos planteados en la Agenda Estrat\u00e9gica 2030.<\/p>\n","protected":false},"excerpt":{"rendered":"<p>La Alianza Bolivariana para los Pueblos de Nuestra Am\u00e9rica-Tratado de Comercio de los Pueblos (ALBA-TCP) aprob\u00f3 este domingo la creaci\u00f3n de la Misi\u00f3n Internacional de Energ\u00eda y Electricidad para apoyar la restituci\u00f3n total del sistema el\u00e9ctrico de Cuba.<\/p>\n","protected":false},"author":22,"featured_media":59661,"comment_status":"open","ping_status":"open","sticky":false,"template":"","format":"standard","meta":{"_acf_changed":false,"footnotes":""},"categories":[8,3,4],"tags":[380,379],"coauthors":[1882],"class_list":["post-59660","post","type-post","status-publish","format-standard","has-post-thumbnail","hentry","category-noticia","category-cuba","category-internacionales","tag-alba-tcp","tag-cuba-alba"],"acf":[],"_links":{"self":[{"href":"https:\/\/www.radiosanctispiritus.cu\/es\/wp-json\/wp\/v2\/posts\/59660","targetHints":{"allow":["GET"]}}],"collection":[{"href":"https:\/\/www.radiosanctispiritus.cu\/es\/wp-json\/wp\/v2\/posts"}],"about":[{"href":"https:\/\/www.radiosanctispiritus.cu\/es\/wp-json\/wp\/v2\/types\/post"}],"author":[{"embeddable":true,"href":"https:\/\/www.radiosanctispiritus.cu\/es\/wp-json\/wp\/v2\/users\/22"}],"replies":[{"embeddable":true,"href":"https:\/\/www.radiosanctispiritus.cu\/es\/wp-json\/wp\/v2\/comments?post=59660"}],"version-history":[{"count":2,"href":"https:\/\/www.radiosanctispiritus.cu\/es\/wp-json\/wp\/v2\/posts\/59660\/revisions"}],"predecessor-version":[{"id":59663,"href":"https:\/\/www.radiosanctispiritus.cu\/es\/wp-json\/wp\/v2\/posts\/59660\/revisions\/59663"}],"wp:featuredmedia":[{"embeddable":true,"href":"https:\/\/www.radiosanctispiritus.cu\/es\/wp-json\/wp\/v2\/media\/59661"}],"wp:attachment":[{"href":"https:\/\/www.radiosanctispiritus.cu\/es\/wp-json\/wp\/v2\/media?parent=59660"}],"wp:term":[{"taxonomy":"category","embeddable":true,"href":"https:\/\/www.radiosanctispiritus.cu\/es\/wp-json\/wp\/v2\/categories?post=59660"},{"taxonomy":"post_tag","embeddable":true,"href":"https:\/\/www.radiosanctispiritus.cu\/es\/wp-json\/wp\/v2\/tags?post=59660"},{"taxonomy":"author","embeddable":true,"href":"https:\/\/www.radiosanctispiritus.cu\/es\/wp-json\/wp\/v2\/coauthors?post=59660"}],"curies":[{"name":"wp","href":"https:\/\/api.w.org\/{rel}","templated":true}]}}