{"id":59640,"date":"2025-12-14T17:18:23","date_gmt":"2025-12-14T22:18:23","guid":{"rendered":"https:\/\/www.radiosanctispiritus.cu\/es\/?p=59640"},"modified":"2025-12-14T17:18:23","modified_gmt":"2025-12-14T22:18:23","slug":"estrechan-lazos-cuba-y-la-iglesia-ortodoxa-griega","status":"publish","type":"post","link":"https:\/\/www.radiosanctispiritus.cu\/es\/estrechan-lazos-cuba-y-la-iglesia-ortodoxa-griega\/","title":{"rendered":"Estrechan lazos Cuba y la Iglesia ortodoxa griega"},"content":{"rendered":"<p>Cuba y la Iglesia ortodoxa griega fortalecieron lazos, trascendi\u00f3 este domingo en La Habana, tras el recibimiento del presidente Miguel D\u00edaz-Canel al arzobispo Santiago, exarca de la Metr\u00f3polis ortodoxa griega de M\u00e9xico, Venezuela, Colombia y el Caribe.<\/p>\n<p>Durante la conversaci\u00f3n caracterizada por la cordialidad y el mutuo reconocimiento, sostenida en el Palacio de la Revoluci\u00f3n, el Jefe de Estado expres\u00f3 el placer de recibir la visita, que \u201cmuestra una vez m\u00e1s los lazos hist\u00f3ricos que nos unen, y toda la relaci\u00f3n que ha existido de trabajo conjunto, de reconocimiento, de amistad y tambi\u00e9n de respeto mutuo\u201d.<\/p>\n<p>El mandatario cubano acogi\u00f3 con benepl\u00e1cito y expres\u00f3 el apoyo de Cuba a la propuesta realizada por el Arzobispo Santiago, de organizar una Conferencia Internacional sobre Libertad Religiosa en 2026, de acuerdo con la publicaci\u00f3n del sitio de la presidencia de la naci\u00f3n antillana.<\/p>\n<p>Este evento coincidir\u00eda con tres efem\u00e9rides significativas: el Centenario del Comandante en Jefe Fidel Castro, el 30 aniversario de la Metr\u00f3polis y el 35 aniversario del patriarca ecum\u00e9nico Bartolom\u00e9.<\/p>\n<p>D\u00edaz-Canel extendi\u00f3, a trav\u00e9s del arzobispo, una invitaci\u00f3n formal al patriarca Bartolom\u00e9 para que visite a la Isla cuando lo considere oportuno, asegurando que ser\u00e1 recibido \u201ccon todo aprecio\u201d.<\/p>\n<p>Un momento de especial emotividad fue el agradecimiento del presidente por la r\u00e9plica de la Orden de San Andr\u00e9s que recibi\u00f3 el Comandante en Jefe \u2013la m\u00e1s alta distinci\u00f3n del Patriarcado Ecum\u00e9nico\u2013 que el arzobispo hizo llegar al Centro Fidel Castro, recoge la nota de la presidencia.<\/p>\n<p>De igual manera, el mandatario record\u00f3 con gratitud las palabras dedicadas por el arzobispo al l\u00edder hist\u00f3rico de la Revoluci\u00f3n cubana y al historiador de La Habana, Eusebio Leal, durante una liturgia.<\/p>\n<p>Por su parte, el arzobispo Santiago agradeci\u00f3 la calurosa acogida y subray\u00f3 el honor de estar en Cuba, una naci\u00f3n con la que siempre est\u00e1, mientras revel\u00f3 que en sus homil\u00edas tambi\u00e9n incluye el nombre del presidente D\u00edaz-Canel, por la manera que ha dado continuidad a la relaci\u00f3n.<\/p>\n<p>Destac\u00f3 el apoyo constante del Estado cubano, en particular de la miembro del Comit\u00e9 Central del Partido Comunista y jefa de su oficina de Atenci\u00f3n a los Asuntos Religiosos, Caridad Diego, presente en el encuentro, y de todo el equipo de gobierno y de la organizaci\u00f3n pol\u00edtica, a la labor de la Iglesia ortodoxa en la isla.<\/p>\n<p>\u201cNos sentimos felices de que nuestra Iglesia y nuestros fieles aqu\u00ed en este pueblo, tengan un Presidente que conoce nuestras luchas y nuestras ideas\u201d, afirm\u00f3.<\/p>\n<p>La visita del arzobispo Santiago responde a un programa pastoral vinculado con las celebraciones de San Nicol\u00e1s de Myra.<\/p>\n<p>Como parte de su agenda, desarroll\u00f3 encuentros con las comunidades ortodoxas en las provincias de Holgu\u00edn, Las Tunas y Santiago de Cuba.<\/p>\n","protected":false},"excerpt":{"rendered":"<p>Cuba y la Iglesia ortodoxa griega fortalecieron lazos, trascendi\u00f3 este domingo en La Habana, tras el recibimiento del presidente Miguel D\u00edaz-Canel al arzobispo Santiago, exarca de la Metr\u00f3polis ortodoxa griega de M\u00e9xico, Venezuela, Colombia y el Caribe.<\/p>\n","protected":false},"author":22,"featured_media":59641,"comment_status":"open","ping_status":"open","sticky":false,"template":"","format":"standard","meta":{"_acf_changed":false,"footnotes":""},"categories":[8,3],"tags":[629,28],"coauthors":[1882],"class_list":["post-59640","post","type-post","status-publish","format-standard","has-post-thumbnail","hentry","category-noticia","category-cuba","tag-cuba-religion","tag-miguel-diaz-canel"],"acf":[],"_links":{"self":[{"href":"https:\/\/www.radiosanctispiritus.cu\/es\/wp-json\/wp\/v2\/posts\/59640","targetHints":{"allow":["GET"]}}],"collection":[{"href":"https:\/\/www.radiosanctispiritus.cu\/es\/wp-json\/wp\/v2\/posts"}],"about":[{"href":"https:\/\/www.radiosanctispiritus.cu\/es\/wp-json\/wp\/v2\/types\/post"}],"author":[{"embeddable":true,"href":"https:\/\/www.radiosanctispiritus.cu\/es\/wp-json\/wp\/v2\/users\/22"}],"replies":[{"embeddable":true,"href":"https:\/\/www.radiosanctispiritus.cu\/es\/wp-json\/wp\/v2\/comments?post=59640"}],"version-history":[{"count":1,"href":"https:\/\/www.radiosanctispiritus.cu\/es\/wp-json\/wp\/v2\/posts\/59640\/revisions"}],"predecessor-version":[{"id":59642,"href":"https:\/\/www.radiosanctispiritus.cu\/es\/wp-json\/wp\/v2\/posts\/59640\/revisions\/59642"}],"wp:featuredmedia":[{"embeddable":true,"href":"https:\/\/www.radiosanctispiritus.cu\/es\/wp-json\/wp\/v2\/media\/59641"}],"wp:attachment":[{"href":"https:\/\/www.radiosanctispiritus.cu\/es\/wp-json\/wp\/v2\/media?parent=59640"}],"wp:term":[{"taxonomy":"category","embeddable":true,"href":"https:\/\/www.radiosanctispiritus.cu\/es\/wp-json\/wp\/v2\/categories?post=59640"},{"taxonomy":"post_tag","embeddable":true,"href":"https:\/\/www.radiosanctispiritus.cu\/es\/wp-json\/wp\/v2\/tags?post=59640"},{"taxonomy":"author","embeddable":true,"href":"https:\/\/www.radiosanctispiritus.cu\/es\/wp-json\/wp\/v2\/coauthors?post=59640"}],"curies":[{"name":"wp","href":"https:\/\/api.w.org\/{rel}","templated":true}]}}