{"id":59631,"date":"2025-12-13T23:22:43","date_gmt":"2025-12-14T04:22:43","guid":{"rendered":"https:\/\/www.radiosanctispiritus.cu\/es\/?p=59631"},"modified":"2025-12-15T10:22:21","modified_gmt":"2025-12-15T15:22:21","slug":"clausura-diaz-canel-xi-pleno-del-comite-central-del-pcc","status":"publish","type":"post","link":"https:\/\/www.radiosanctispiritus.cu\/es\/clausura-diaz-canel-xi-pleno-del-comite-central-del-pcc\/","title":{"rendered":"Clausura D\u00edaz-Canel XI Pleno del Comit\u00e9 Central del PCC"},"content":{"rendered":"<p>Miguel D\u00edaz-Canel Berm\u00fadez, Primer Secretario del Comit\u00e9 Central del Partido Comunista de Cuba (PCC) y Presidente de la Rep\u00fablica, clausur\u00f3 hoy el XI Pleno del \u00f3rgano superior de direcci\u00f3n del PCC, donde insisti\u00f3 en la necesidad de unidad consciente y cr\u00edtica para enfrentar los desaf\u00edos actuales de la naci\u00f3n.<\/p>\n<p>Seg\u00fan precisaron fuentes de la Presidencia, durante su intervenci\u00f3n, D\u00edaz-Canel subray\u00f3 que el trabajo inmediato ser\u00e1 intenso y descart\u00f3 soluciones f\u00e1ciles, al se\u00f1alar que el camino exige lucha, creaci\u00f3n y resistencia inteligente, con la fuerza moral y el pueblo como inspiraci\u00f3n.<\/p>\n<p>En el a\u00f1o del centenario del l\u00edder hist\u00f3rico de la Revoluci\u00f3n Cubana, Comandante en Jefe Fidel Castro Ruz, el mandatario convoc\u00f3 a ejercer la cr\u00edtica y la autocr\u00edtica como motor de transformaci\u00f3n, con el prop\u00f3sito de revolucionar la Revoluci\u00f3n y cambiar lo que deba ser cambiado.<\/p>\n<p>Los debates del Pleno fueron calificados por el Jefe de Estado como intensos, pese a su brevedad, ante la urgencia de transformaciones econ\u00f3micas, estructurales y de mentalidad en el trabajo partidista.<\/p>\n<p>El Presidente destac\u00f3 el v\u00ednculo imprescindible con el pueblo como fuente de soluciones a los problemas m\u00e1s acuciantes, y afirm\u00f3 que el Partido no puede dirigir por informes, sino con participaci\u00f3n popular directa.<\/p>\n<p>Al referirse a la econom\u00eda, reconoci\u00f3 un decrecimiento del Producto Interno Bruto superior al cuatro por ciento en el tercer trimestre del a\u00f1o, acompa\u00f1ado de inflaci\u00f3n y dificultades en sectores claves, agravados por la persecuci\u00f3n financiera y petrolera contra Cuba.<\/p>\n<p>D\u00edaz-Canel llam\u00f3 a los dirigentes a intervenir de manera oportuna y sistem\u00e1tica ante la poblaci\u00f3n, evaluando decisiones y perspectivas, y alert\u00f3 sobre la inconformidad generalizada por deficiencias en servicios b\u00e1sicos y desigualdades sociales.<\/p>\n<p>El mandatario denunci\u00f3 la agresi\u00f3n econ\u00f3mica y medi\u00e1tica contra Cuba, as\u00ed como la nueva Estrategia de Seguridad Nacional de Estados Unidos, que calific\u00f3 como una reedici\u00f3n de la Doctrina Monroe y el Corolario de Roosevelt.<\/p>\n<p>En su intervenci\u00f3n agradeci\u00f3 la solidaridad nacional e internacional tras el impacto del hurac\u00e1n Melissa, y reconoci\u00f3 la disciplina del pueblo en la recuperaci\u00f3n de las zonas afectadas.<\/p>\n<p>D\u00edaz-Canel resalt\u00f3 la discusi\u00f3n popular del Programa de Gobierno para corregir distorsiones y reimpulsar la econom\u00eda, con \u00e9nfasis en garantizar estabilidad cotidiana, mejorar salarios, asegurar alimentos y servicios b\u00e1sicos.<\/p>\n<p>El Primer Secretario del PCC reiter\u00f3 que la Revoluci\u00f3n garantiza la combinaci\u00f3n de rigor econ\u00f3mico con justicia social, y reafirm\u00f3 la gratuidad y calidad de la salud y la educaci\u00f3n, pese a las limitaciones.<\/p>\n<p>Al concluir, insisti\u00f3 en que la principal fortaleza del Partido es la unidad basada en debate, cr\u00edtica y disciplina consciente, y convoc\u00f3 a construir una unidad que se fundamente en la verdad, la participaci\u00f3n y la confianza mutua.<\/p>\n","protected":false},"excerpt":{"rendered":"<p>Miguel D\u00edaz-Canel Berm\u00fadez, Primer Secretario del Comit\u00e9 Central del Partido Comunista de Cuba (PCC) y Presidente de la Rep\u00fablica, clausur\u00f3 hoy el XI Pleno del \u00f3rgano superior de direcci\u00f3n del PCC, donde insisti\u00f3 en la necesidad de unidad consciente y cr\u00edtica para enfrentar los desaf\u00edos actuales de la naci\u00f3n.<\/p>\n","protected":false},"author":123,"featured_media":59632,"comment_status":"open","ping_status":"open","sticky":false,"template":"","format":"standard","meta":{"_acf_changed":false,"footnotes":""},"categories":[3,16,8],"tags":[28,74,1242],"coauthors":[1895],"class_list":["post-59631","post","type-post","status-publish","format-standard","has-post-thumbnail","hentry","category-cuba","category-economia","category-noticia","tag-miguel-diaz-canel","tag-partido-comunista-de-cuba","tag-pleno-comite-central-pcc"],"acf":[],"_links":{"self":[{"href":"https:\/\/www.radiosanctispiritus.cu\/es\/wp-json\/wp\/v2\/posts\/59631","targetHints":{"allow":["GET"]}}],"collection":[{"href":"https:\/\/www.radiosanctispiritus.cu\/es\/wp-json\/wp\/v2\/posts"}],"about":[{"href":"https:\/\/www.radiosanctispiritus.cu\/es\/wp-json\/wp\/v2\/types\/post"}],"author":[{"embeddable":true,"href":"https:\/\/www.radiosanctispiritus.cu\/es\/wp-json\/wp\/v2\/users\/123"}],"replies":[{"embeddable":true,"href":"https:\/\/www.radiosanctispiritus.cu\/es\/wp-json\/wp\/v2\/comments?post=59631"}],"version-history":[{"count":2,"href":"https:\/\/www.radiosanctispiritus.cu\/es\/wp-json\/wp\/v2\/posts\/59631\/revisions"}],"predecessor-version":[{"id":59634,"href":"https:\/\/www.radiosanctispiritus.cu\/es\/wp-json\/wp\/v2\/posts\/59631\/revisions\/59634"}],"wp:featuredmedia":[{"embeddable":true,"href":"https:\/\/www.radiosanctispiritus.cu\/es\/wp-json\/wp\/v2\/media\/59632"}],"wp:attachment":[{"href":"https:\/\/www.radiosanctispiritus.cu\/es\/wp-json\/wp\/v2\/media?parent=59631"}],"wp:term":[{"taxonomy":"category","embeddable":true,"href":"https:\/\/www.radiosanctispiritus.cu\/es\/wp-json\/wp\/v2\/categories?post=59631"},{"taxonomy":"post_tag","embeddable":true,"href":"https:\/\/www.radiosanctispiritus.cu\/es\/wp-json\/wp\/v2\/tags?post=59631"},{"taxonomy":"author","embeddable":true,"href":"https:\/\/www.radiosanctispiritus.cu\/es\/wp-json\/wp\/v2\/coauthors?post=59631"}],"curies":[{"name":"wp","href":"https:\/\/api.w.org\/{rel}","templated":true}]}}