{"id":59627,"date":"2025-12-13T22:28:54","date_gmt":"2025-12-14T03:28:54","guid":{"rendered":"https:\/\/www.radiosanctispiritus.cu\/es\/?p=59627"},"modified":"2025-12-13T22:28:54","modified_gmt":"2025-12-14T03:28:54","slug":"acuerda-xi-pleno-del-comite-central-posponer-la-realizacion-del-ix-congreso-del-partido","status":"publish","type":"post","link":"https:\/\/www.radiosanctispiritus.cu\/es\/acuerda-xi-pleno-del-comite-central-posponer-la-realizacion-del-ix-congreso-del-partido\/","title":{"rendered":"Acuerda XI Pleno del Comit\u00e9 Central posponer la realizaci\u00f3n del IX Congreso del Partido"},"content":{"rendered":"<p>Los miembros del Comit\u00e9 Central del Partido Comunista de Cuba, reunidos este s\u00e1bado en su XI Pleno, acordaron posponer la realizaci\u00f3n del IX Congreso de la organizaci\u00f3n pol\u00edtica, previsto a efectuarse en abril del 2026.<\/p>\n<p>La propuesta, realizada por el l\u00edder al frente de la Revoluci\u00f3n Cubana, General de Ej\u00e9rcito Ra\u00fal Castro Ruz, fue dada a conocer por el Primer Secretario del Comit\u00e9 Central del Partido Comunista y Presidente de la Rep\u00fablica, Miguel D\u00edaz-Canel Berm\u00fadez, a trav\u00e9s de una carta le\u00edda ante el Pleno, la cual hab\u00eda sido analizada con anterioridad en reuni\u00f3n del Bur\u00f3 Pol\u00edtico.<\/p>\n<p>En la misiva, Ra\u00fal hace un reconocimiento a la posici\u00f3n del mandatario de defender y exigir que se cumpla lo que indicamos, de que los congresos del Partido no se deben diferir y por tanto se tienen que efectuar en los plazos establecidos, cada cinco a\u00f1os, salvo circunstancias de fuerza mayor.<\/p>\n<p style=\"padding-left: 40px;\">No obstante, alerta el General de Ej\u00e9rcito, partiendo del principio de hacer en todo momento lo que m\u00e1s convenga a la Revoluci\u00f3n, considero que resulta aconsejable posponer la realizaci\u00f3n del IX Congreso para una fecha posterior, y consagrar desde ahora todos los recursos con que cuenta el pa\u00eds, y el esfuerzo y la energ\u00eda de los cuadros del Partido, del Gobierno y el Estado, a resolver los problemas actuales, y dedicar el 2026 a recuperarnos en todo lo que sea posible.<\/p>\n<p>Adoptar esta decisi\u00f3n, subraya Ra\u00fal, no se puede ver como un retroceso, es una decisi\u00f3n necesaria y oportuna que nos permitir\u00e1 cohesionar las fuerzas, mejorar la situaci\u00f3n de la naci\u00f3n, y crear condiciones para un mejor y fruct\u00edfero Congreso, que consolide, como refrenda nuestra Constituci\u00f3n, la construcci\u00f3n del socialismo y el avance hacia la sociedad comunista.<\/p>\n<p>Los miembros del Comit\u00e9 Central aprobaron un\u00e1nimemente esta propuesta, que permitir\u00e1 concentrar los esfuerzos de todos los cubanos en la recuperaci\u00f3n del pa\u00eds.<\/p>\n","protected":false},"excerpt":{"rendered":"<p>La propuesta, realizada por el l\u00edder al frente de la Revoluci\u00f3n Cubana, General de Ej\u00e9rcito Ra\u00fal Castro Ruz, fue dada a conocer por el Primer Secretario del Comit\u00e9 Central del Partido Comunista y Presidente de la Rep\u00fablica, Miguel D\u00edaz-Canel Berm\u00fadez, a trav\u00e9s de una carta le\u00edda ante el Pleno.<\/p>\n","protected":false},"author":26,"featured_media":59628,"comment_status":"open","ping_status":"open","sticky":false,"template":"","format":"standard","meta":{"_acf_changed":false,"footnotes":""},"categories":[8,3],"tags":[2135,28,74,1242,87],"coauthors":[1887],"class_list":["post-59627","post","type-post","status-publish","format-standard","has-post-thumbnail","hentry","category-noticia","category-cuba","tag-congreso-pcc","tag-miguel-diaz-canel","tag-partido-comunista-de-cuba","tag-pleno-comite-central-pcc","tag-raul-castro"],"acf":[],"_links":{"self":[{"href":"https:\/\/www.radiosanctispiritus.cu\/es\/wp-json\/wp\/v2\/posts\/59627","targetHints":{"allow":["GET"]}}],"collection":[{"href":"https:\/\/www.radiosanctispiritus.cu\/es\/wp-json\/wp\/v2\/posts"}],"about":[{"href":"https:\/\/www.radiosanctispiritus.cu\/es\/wp-json\/wp\/v2\/types\/post"}],"author":[{"embeddable":true,"href":"https:\/\/www.radiosanctispiritus.cu\/es\/wp-json\/wp\/v2\/users\/26"}],"replies":[{"embeddable":true,"href":"https:\/\/www.radiosanctispiritus.cu\/es\/wp-json\/wp\/v2\/comments?post=59627"}],"version-history":[{"count":2,"href":"https:\/\/www.radiosanctispiritus.cu\/es\/wp-json\/wp\/v2\/posts\/59627\/revisions"}],"predecessor-version":[{"id":59630,"href":"https:\/\/www.radiosanctispiritus.cu\/es\/wp-json\/wp\/v2\/posts\/59627\/revisions\/59630"}],"wp:featuredmedia":[{"embeddable":true,"href":"https:\/\/www.radiosanctispiritus.cu\/es\/wp-json\/wp\/v2\/media\/59628"}],"wp:attachment":[{"href":"https:\/\/www.radiosanctispiritus.cu\/es\/wp-json\/wp\/v2\/media?parent=59627"}],"wp:term":[{"taxonomy":"category","embeddable":true,"href":"https:\/\/www.radiosanctispiritus.cu\/es\/wp-json\/wp\/v2\/categories?post=59627"},{"taxonomy":"post_tag","embeddable":true,"href":"https:\/\/www.radiosanctispiritus.cu\/es\/wp-json\/wp\/v2\/tags?post=59627"},{"taxonomy":"author","embeddable":true,"href":"https:\/\/www.radiosanctispiritus.cu\/es\/wp-json\/wp\/v2\/coauthors?post=59627"}],"curies":[{"name":"wp","href":"https:\/\/api.w.org\/{rel}","templated":true}]}}