{"id":59598,"date":"2025-12-13T13:42:13","date_gmt":"2025-12-13T18:42:13","guid":{"rendered":"https:\/\/www.radiosanctispiritus.cu\/es\/?p=59598"},"modified":"2025-12-13T13:42:13","modified_gmt":"2025-12-13T18:42:13","slug":"cuba-avanza-en-programa-economico-ante-recrudecimiento-del-bloqueo","status":"publish","type":"post","link":"https:\/\/www.radiosanctispiritus.cu\/es\/cuba-avanza-en-programa-economico-ante-recrudecimiento-del-bloqueo\/","title":{"rendered":"Cuba avanza en programa econ\u00f3mico ante recrudecimiento del bloqueo"},"content":{"rendered":"<p>En el marco del XI Pleno del Comit\u00e9 Central del Partido Comunista de Cuba (PCC), celebrado este s\u00e1bado, el Primer Secretario del Comit\u00e9 Central, Miguel D\u00edaz-Canel Berm\u00fadez, lanz\u00f3 un llamado a potenciar la exigencia interna del Partido, acercar la gesti\u00f3n pol\u00edtica a los problemas cotidianos de la poblaci\u00f3n y reforzar los mecanismos de control y rendici\u00f3n de cuentas. Sus intervenciones, difundidas a trav\u00e9s de un hilo publicado en X por la cuenta oficial @PresidenciaCuba, subrayaron la necesidad de una renovaci\u00f3n profunda en el funcionamiento partidista frente a un contexto marcado por el recrudecimiento del bloqueo estadounidense y una intensa \u201cguerra medi\u00e1tica\u201d.<\/p>\n<p>\u201cNosotros no nos podemos permitir en las condiciones actuales\u2026 que el burocratismo, el formalismo y la inercia sigan siendo frenos\u201d, dijo D\u00edaz-Canel, citando textualmente en el hilo. El l\u00edder cubano insisti\u00f3 en que el Partido debe cambiar \u201ctodo lo que debe ser cambiado\u201d, reafirmando el esp\u00edritu del concepto de Revoluci\u00f3n formulado por Fidel Castro.<\/p>\n<p>Uno de los ejes centrales de su discurso fue la unidad nacional, descrita como \u201cla garant\u00eda de que Cuba va a seguir siendo libre, independiente y soberana\u201d. En ese sentido, D\u00edaz-Canel apel\u00f3 a robustecer el papel de las organizaciones de base del PCC y a fortalecer la democracia interna del Partido, para que \u201cconstantemente estemos en contacto con la poblaci\u00f3n y le demos participaci\u00f3n en todo lo que proyectamos y hacemos\u201d.<\/p>\n<p>El mandatario cubano tambi\u00e9n exigi\u00f3 una mayor transparencia y cercan\u00eda con los ciudadanos: \u201cEstar m\u00e1s cerca de los problemas reales de la gente, hay que ser m\u00e1s exigentes con los cuadros y tenemos que ser m\u00e1s transparentes en la relaci\u00f3n con nuestra sociedad\u201d.<\/p>\n<h3>Batalla ideol\u00f3gica y comunicacional<\/h3>\n<p>En el plano ideol\u00f3gico, D\u00edaz-Canel resalt\u00f3 la importancia de \u201cintensificar la batalla ideol\u00f3gica, cultural y comunicacional, defendiendo la verdad de Cuba frente a la manipulaci\u00f3n y la desinformaci\u00f3n\u201d. Enfatiz\u00f3 que \u201ccada d\u00eda de la Revoluci\u00f3n es una victoria\u201d, al enfrentar al \u201cenemigo m\u00e1s poderoso\u201d con dignidad, pese a las presiones del bloqueo y la intoxicaci\u00f3n medi\u00e1tica.<\/p>\n<h3>Avances y desaf\u00edos del Programa de Gobierno<\/h3>\n<p>Durante la misma jornada, el Primer Ministro de Cuba, Manuel Marrero Cruz, present\u00f3 un balance del Programa de Gobierno para corregir distorsiones y reimpulsar la econom\u00eda. Tras destacar que el plan \u2014conformado por 106 objetivos espec\u00edficos, 342 acciones y 264 indicadores\u2014 est\u00e1 alineado con las prioridades estrat\u00e9gicas del pa\u00eds, advirti\u00f3 que su \u00e9xito depender\u00e1 de la capacidad de convertir la planificaci\u00f3n en \u201cresultados concretos, medibles y perceptibles para la poblaci\u00f3n\u201d.<\/p>\n<p>Marrero Cruz reconoci\u00f3 que la implementaci\u00f3n se ha desarrollado en condiciones adversas: \u201cdisponibilidad reducida de servicios el\u00e9ctricos, combustible, acceso restringido a divisas convertibles y presiones inflacionarias\u201d. Aun as\u00ed, inform\u00f3 que de las 90 direcciones asociadas a los diez objetivos generales del Programa, 49 ya han sido cumplidas.<\/p>\n<p>Entre los logros m\u00e1s destacados figuran el control gradual del d\u00e9ficit fiscal, la flexibilizaci\u00f3n de pol\u00edticas de inversi\u00f3n extranjera, el perfeccionamiento del sistema salarial en el sector empresarial, el fortalecimiento del Instituto Nacional de Actores Econ\u00f3micos No Estatales, un incremento parcial de pensiones que benefici\u00f3 al 88% de los jubilados y avances en la instalaci\u00f3n de paneles solares fotovoltaicos.<\/p>\n<p>Adem\u00e1s, anunci\u00f3 que en el segundo semestre del a\u00f1o se ha trabajado \u201cintensamente\u201d en la preparaci\u00f3n para la transformaci\u00f3n cambiaria y la puesta en marcha de un nuevo mecanismo de gesti\u00f3n, control y asignaci\u00f3n de divisas.<\/p>\n<p>Marrero Cruz concluy\u00f3 que el principal reto no es el dise\u00f1o del programa, sino su ejecuci\u00f3n efectiva, con disciplina, jerarquizaci\u00f3n de tareas y mayor integraci\u00f3n entre actores econ\u00f3micos. Detall\u00f3 que un informe m\u00e1s amplio sobre el estado del Programa ser\u00e1 presentado en la pr\u00f3xima sesi\u00f3n ordinaria de la Asamblea Nacional del Poder Popular.<\/p>\n<p>En un momento de crecientes tensiones geopol\u00edticas y econ\u00f3micas globales, las intervenciones en el XI Pleno del PCC reflejan la determinaci\u00f3n del gobierno cubano de sostener la unidad nacional, la soberan\u00eda y el proyecto revolucionario, al tiempo que impulsa reformas econ\u00f3micas y pol\u00edticas para enfrentar las complejas realidades del presente.<\/p>\n<p><em><strong>Con informaci\u00f3n de Presidencia Cuba y Cubadebate<\/strong><\/em><\/p>\n","protected":false},"excerpt":{"rendered":"<p>En el plano ideol\u00f3gico, D\u00edaz-Canel resalt\u00f3 la importancia de \u201cintensificar la batalla ideol\u00f3gica, cultural y comunicacional, defendiendo la verdad de Cuba frente a la manipulaci\u00f3n y la desinformaci\u00f3n\u201d<\/p>\n","protected":false},"author":4,"featured_media":59599,"comment_status":"open","ping_status":"open","sticky":false,"template":"","format":"standard","meta":{"_acf_changed":false,"footnotes":""},"categories":[8,3],"tags":[1242],"coauthors":[1883],"class_list":["post-59598","post","type-post","status-publish","format-standard","has-post-thumbnail","hentry","category-noticia","category-cuba","tag-pleno-comite-central-pcc"],"acf":[],"_links":{"self":[{"href":"https:\/\/www.radiosanctispiritus.cu\/es\/wp-json\/wp\/v2\/posts\/59598","targetHints":{"allow":["GET"]}}],"collection":[{"href":"https:\/\/www.radiosanctispiritus.cu\/es\/wp-json\/wp\/v2\/posts"}],"about":[{"href":"https:\/\/www.radiosanctispiritus.cu\/es\/wp-json\/wp\/v2\/types\/post"}],"author":[{"embeddable":true,"href":"https:\/\/www.radiosanctispiritus.cu\/es\/wp-json\/wp\/v2\/users\/4"}],"replies":[{"embeddable":true,"href":"https:\/\/www.radiosanctispiritus.cu\/es\/wp-json\/wp\/v2\/comments?post=59598"}],"version-history":[{"count":2,"href":"https:\/\/www.radiosanctispiritus.cu\/es\/wp-json\/wp\/v2\/posts\/59598\/revisions"}],"predecessor-version":[{"id":59601,"href":"https:\/\/www.radiosanctispiritus.cu\/es\/wp-json\/wp\/v2\/posts\/59598\/revisions\/59601"}],"wp:featuredmedia":[{"embeddable":true,"href":"https:\/\/www.radiosanctispiritus.cu\/es\/wp-json\/wp\/v2\/media\/59599"}],"wp:attachment":[{"href":"https:\/\/www.radiosanctispiritus.cu\/es\/wp-json\/wp\/v2\/media?parent=59598"}],"wp:term":[{"taxonomy":"category","embeddable":true,"href":"https:\/\/www.radiosanctispiritus.cu\/es\/wp-json\/wp\/v2\/categories?post=59598"},{"taxonomy":"post_tag","embeddable":true,"href":"https:\/\/www.radiosanctispiritus.cu\/es\/wp-json\/wp\/v2\/tags?post=59598"},{"taxonomy":"author","embeddable":true,"href":"https:\/\/www.radiosanctispiritus.cu\/es\/wp-json\/wp\/v2\/coauthors?post=59598"}],"curies":[{"name":"wp","href":"https:\/\/api.w.org\/{rel}","templated":true}]}}