{"id":59570,"date":"2025-12-13T08:16:00","date_gmt":"2025-12-13T13:16:00","guid":{"rendered":"https:\/\/www.radiosanctispiritus.cu\/es\/?p=59570"},"modified":"2025-12-13T10:19:42","modified_gmt":"2025-12-13T15:19:42","slug":"reajusta-asamblea-nacional-su-periodo-de-sesiones-ante-complejo-escenario-nacional","status":"publish","type":"post","link":"https:\/\/www.radiosanctispiritus.cu\/es\/reajusta-asamblea-nacional-su-periodo-de-sesiones-ante-complejo-escenario-nacional\/","title":{"rendered":"Reajusta Asamblea Nacional su per\u00edodo de sesiones ante complejo escenario"},"content":{"rendered":"<p>La Asamblea Nacional del Poder Popular (ANPP) de Cuba celebrar\u00e1 este jueves 18 de diciembre su Sexto Per\u00edodo Ordinario de Sesiones de la D\u00e9cima Legislatura, en un formato h\u00edbrido que combina presencialidad y videoconferencia, como respuesta a los complejos desaf\u00edos que enfrenta el pa\u00eds.<\/p>\n<p>La decisi\u00f3n, adoptada por el Consejo de Estado el pasado 10 de diciembre, responde a la necesidad de garantizar la racionalidad en el uso de recursos en medio de una coyuntura marcada por crisis energ\u00e9tica, tensiones econ\u00f3micas y dificultades sanitarias. \u201cNunca la Asamblea ha dejado de reunirse\u201d, afirm\u00f3 Homero Acosta \u00c1lvarez, secretario de la ANPP y del Consejo de Estado, al subrayar el cumplimiento del mandato constitucional que exige al parlamento sesionar al menos dos veces al a\u00f1o.<\/p>\n<p>El programa, significativamente reajustado, prioriza asuntos estructurales e impostergables. Entre ellos destacan: la aprobaci\u00f3n del Plan de la Econom\u00eda y la Ley del Presupuesto del Estado para 2026; la toma de posesi\u00f3n de ocho nuevos diputados; la actualizaci\u00f3n del cronograma legislativo; y la ratificaci\u00f3n de los decretos-leyes emitidos por el Consejo de Estado en los \u00faltimos seis meses.<\/p>\n<p>Econom\u00eda y presupuesto: justicia social como principio rector<br \/>\nPor su parte, F\u00e9lix Mart\u00ednez Su\u00e1rez, presidente de la Comisi\u00f3n de Asuntos Econ\u00f3micos, detall\u00f3 que el trabajo de su comisi\u00f3n se centra en el Plan de la Econom\u00eda, concebido como s\u00edntesis del Programa de Gobierno. Entre sus objetivos destacan la estabilizaci\u00f3n macroecon\u00f3mica, la recuperaci\u00f3n de divisas y el impulso a la producci\u00f3n de alimentos.<\/p>\n<p>En este contexto, se analizar\u00e1 el Presupuesto del Estado para 2026, que destina casi el 70\u202f% de sus gastos a la actividad social. \u201cEs un presupuesto que expresa los principios de justicia y equidad social de nuestro sistema\u201d, afirm\u00f3 Mart\u00ednez Su\u00e1rez.<\/p>\n<p>Asimismo, se revisar\u00e1n los esquemas de financiamiento en divisas, resultado de una acci\u00f3n de control conjunta entre las comisiones Econ\u00f3mica y Agroalimentaria. Este an\u00e1lisis se realizar\u00e1 en composici\u00f3n reducida, en el teatro del Ministerio de la Agricultura, con el prop\u00f3sito de evitar que estos mecanismos relativamente nuevos pierdan vigencia y efectividad.<\/p>\n<p>Las comisiones permanentes de la Asamblea Nacional tambi\u00e9n profundizar\u00e1n en acciones de control y fiscalizaci\u00f3n, en di\u00e1logo con los organismos de la administraci\u00f3n central del Estado. El objetivo es identificar dificultades, insuficiencias y proponer medidas correctivas que contribuyan a perfeccionar la gesti\u00f3n p\u00fablica.<\/p>\n<p>Se abordar\u00e1n temas sensibles como el costo de los combustibles, la producci\u00f3n y distribuci\u00f3n de alimentos, as\u00ed como la recuperaci\u00f3n de las provincias afectadas por el hurac\u00e1n Melissa.<\/p>\n<p>En este sentido, se record\u00f3 que en cada per\u00edodo de sesiones el Primer Ministro presenta la marcha del Programa de Gobierno, lo que permite un intercambio directo con los diputados. Los temas que se discutir\u00e1n en este per\u00edodo reflejan las principales preocupaciones de la ciudadan\u00eda y forman parte del acuerdo nacional.<\/p>\n<p>Pese a los momentos complejos que atraviesa el pa\u00eds, la Asamblea Nacional y sus comisiones no est\u00e1n de espaldas a la realidad: enfrentan los problemas, buscan soluciones y contribuyen desde la actividad parlamentaria a perfeccionar las funciones de otros organismos. La retroalimentaci\u00f3n constante entre diputados y Gobierno garantiza que las propuestas y criterios expresados en el Parlamento se traduzcan en medidas concretas, reafirmando el car\u00e1cter participativo y de control que distingue al sistema pol\u00edtico cubano.<\/p>\n<p>Adem\u00e1s de los temas econ\u00f3micos y de control, se discutir\u00e1n dos proyectos de ley en fase avanzada: la Ley General de Ciencia, Tecnolog\u00eda e Innovaci\u00f3n \u2014resultado de un amplio debate provincial\u2014 y la propuesta de reducci\u00f3n excepcional del mandato de los delegados municipales, clave para alinear el calendario electoral de 2026.<\/p>\n<p>El formato h\u00edbrido \u2014con cerca de 200 diputados en el Palacio de las Convenciones y el resto conectado desde sus provincias\u2014 se basa en la experiencia adquirida durante la pandemia y garantiza, seg\u00fan las autoridades parlamentarias, pleno respeto al derecho de expresi\u00f3n y al debate democr\u00e1tico.<\/p>\n<p>Marta Hern\u00e1ndez Romero, coordinadora de las Comisiones de la ANPP, subray\u00f3 que el intenso trabajo previo de las 11 comisiones permanentes \u2014que han realizado m\u00e1s de 78 visitas municipales y dialogado con m\u00e1s de 46,000 ciudadanos\u2014 sustenta la calidad de los an\u00e1lisis que se presentar\u00e1n en el pleno.<\/p>\n<p>La sesi\u00f3n busca, en palabras de Acosta \u00c1lvarez, \u201cactualizar al pueblo sobre c\u00f3mo marcha el programa de gobierno\u201d y reafirmar el compromiso institucional de la Asamblea con la gobernanza, la transparencia y la soluci\u00f3n de los problemas nacionales.<\/p>\n<p><em><strong>Con informaci\u00f3n de <a href=\"http:\/\/www.cubadebate.cu\/especiales\/2025\/12\/13\/anpp-reajusta-su-periodo-de-sesiones-ante-complejo-escenario-nacional-priorizando-agenda-legislativa-y-economica\/\" target=\"_blank\" rel=\"noopener noreferrer nofollow\">Cubadebate<\/a><\/strong><\/em><\/p>\n","protected":false},"excerpt":{"rendered":"<p>La Asamblea Nacional del Poder Popular (ANPP) de Cuba celebrar\u00e1 este jueves 18 de diciembre su Sexto Per\u00edodo Ordinario de Sesiones de la D\u00e9cima Legislatura, en un formato h\u00edbrido que combina presencialidad y videoconferencia, como respuesta a los complejos desaf\u00edos que enfrenta el pa\u00eds.<\/p>\n","protected":false},"author":4,"featured_media":59480,"comment_status":"open","ping_status":"open","sticky":false,"template":"","format":"standard","meta":{"_acf_changed":false,"footnotes":""},"categories":[8,3],"tags":[227],"coauthors":[1883],"class_list":["post-59570","post","type-post","status-publish","format-standard","has-post-thumbnail","hentry","category-noticia","category-cuba","tag-asamblea-nacional-del-poder-popular"],"acf":[],"_links":{"self":[{"href":"https:\/\/www.radiosanctispiritus.cu\/es\/wp-json\/wp\/v2\/posts\/59570","targetHints":{"allow":["GET"]}}],"collection":[{"href":"https:\/\/www.radiosanctispiritus.cu\/es\/wp-json\/wp\/v2\/posts"}],"about":[{"href":"https:\/\/www.radiosanctispiritus.cu\/es\/wp-json\/wp\/v2\/types\/post"}],"author":[{"embeddable":true,"href":"https:\/\/www.radiosanctispiritus.cu\/es\/wp-json\/wp\/v2\/users\/4"}],"replies":[{"embeddable":true,"href":"https:\/\/www.radiosanctispiritus.cu\/es\/wp-json\/wp\/v2\/comments?post=59570"}],"version-history":[{"count":3,"href":"https:\/\/www.radiosanctispiritus.cu\/es\/wp-json\/wp\/v2\/posts\/59570\/revisions"}],"predecessor-version":[{"id":59573,"href":"https:\/\/www.radiosanctispiritus.cu\/es\/wp-json\/wp\/v2\/posts\/59570\/revisions\/59573"}],"wp:featuredmedia":[{"embeddable":true,"href":"https:\/\/www.radiosanctispiritus.cu\/es\/wp-json\/wp\/v2\/media\/59480"}],"wp:attachment":[{"href":"https:\/\/www.radiosanctispiritus.cu\/es\/wp-json\/wp\/v2\/media?parent=59570"}],"wp:term":[{"taxonomy":"category","embeddable":true,"href":"https:\/\/www.radiosanctispiritus.cu\/es\/wp-json\/wp\/v2\/categories?post=59570"},{"taxonomy":"post_tag","embeddable":true,"href":"https:\/\/www.radiosanctispiritus.cu\/es\/wp-json\/wp\/v2\/tags?post=59570"},{"taxonomy":"author","embeddable":true,"href":"https:\/\/www.radiosanctispiritus.cu\/es\/wp-json\/wp\/v2\/coauthors?post=59570"}],"curies":[{"name":"wp","href":"https:\/\/api.w.org\/{rel}","templated":true}]}}