{"id":59541,"date":"2025-12-12T20:43:14","date_gmt":"2025-12-13T01:43:14","guid":{"rendered":"https:\/\/www.radiosanctispiritus.cu\/es\/?p=59541"},"modified":"2025-12-12T15:46:46","modified_gmt":"2025-12-12T20:46:46","slug":"asociacion-de-combatientes-en-sancti-spiritus-revisa-resultados-y-metas","status":"publish","type":"post","link":"https:\/\/www.radiosanctispiritus.cu\/es\/asociacion-de-combatientes-en-sancti-spiritus-revisa-resultados-y-metas\/","title":{"rendered":"Asociaci\u00f3n de Combatientes en Sancti Sp\u00edritus revisa resultados y metas"},"content":{"rendered":"<p dir=\"ltr\">La Asociaci\u00f3n de Combatientes de la Revoluci\u00f3n Cubana (ACRC) en Sancti Sp\u00edritus recibi\u00f3 la visita de su Direcci\u00f3n Nacional con el prop\u00f3sito de evaluar el avance de los objetivos aprobados en la VI Conferencia de la organizaci\u00f3n.<\/p>\n<p dir=\"ltr\">El jefe de la Secretar\u00eda del Trabajo Patri\u00f3tico Militar en la provincia, teniente coronel de la reserva Luis Cabrera P\u00e9rez se\u00f1al\u00f3 que en sus inicios se interesaron por el crecimiento de la organizaci\u00f3n.<\/p>\n<p dir=\"ltr\">Entre los temas analizados estuvo el cumplimiento del plan de cotizaci\u00f3n, que llega al 92% y cuya meta anual es alcanzar el 100% antes de cerrar 2025.<\/p>\n<p dir=\"ltr\">Cabrera P\u00e9rez mencion\u00f3 tambi\u00e9n el buen desarrollo de actividades autofinanciadas, como el tiro popular, que contribuyen al sostenimiento econ\u00f3mico de la organizaci\u00f3n.<\/p>\n<p dir=\"ltr\">La atenci\u00f3n a los combatientes, especialmente aquellos en situaci\u00f3n de vulnerabilidad, ocup\u00f3 otro punto central del intercambio.<\/p>\n<p dir=\"ltr\">En este \u00e1mbito, se anunciaron nuevas acciones conjuntas con la Oficina Nacional de Atenci\u00f3n a Combatientes para ampliar los programas de ayuda.<\/p>\n<p dir=\"ltr\">Los representantes nacionales de la Asociaci\u00f3n de Combatientes recorrieron varios municipios espirituanos, donde conversaron con excombatientes y directivos locales.<\/p>\n<p dir=\"ltr\">Seg\u00fan Cabrera P\u00e9rez, los visitantes expresaron su agrado por la labor desarrollada en la provincia de Sancti Sp\u00edritus y ofrecieron un informe sobre el contexto econ\u00f3mico y social del pa\u00eds, marcado por tensiones energ\u00e9ticas, limitaciones alimentarias y los efectos del bloqueo econ\u00f3mico.<\/p>\n","protected":false},"excerpt":{"rendered":"<p>La Asociaci\u00f3n de Combatientes de la Revoluci\u00f3n Cubana en Sancti Sp\u00edritus recibi\u00f3 la visita de su Direcci\u00f3n Nacional con el prop\u00f3sito de evaluar el avance de los objetivos aprobados en la VI Conferencia de la organizaci\u00f3n.<\/p>\n","protected":false},"author":18,"featured_media":46043,"comment_status":"open","ping_status":"open","sticky":false,"template":"","format":"standard","meta":{"_acf_changed":false,"footnotes":""},"categories":[8,9,1],"tags":[329,1312,328],"coauthors":[1874],"class_list":["post-59541","post","type-post","status-publish","format-standard","has-post-thumbnail","hentry","category-noticia","category-en-audio","category-sancti-spiritus","tag-acrc","tag-asociacion-de-combatientes-de-la-revolucion-cubana","tag-combatientes"],"acf":[],"_links":{"self":[{"href":"https:\/\/www.radiosanctispiritus.cu\/es\/wp-json\/wp\/v2\/posts\/59541","targetHints":{"allow":["GET"]}}],"collection":[{"href":"https:\/\/www.radiosanctispiritus.cu\/es\/wp-json\/wp\/v2\/posts"}],"about":[{"href":"https:\/\/www.radiosanctispiritus.cu\/es\/wp-json\/wp\/v2\/types\/post"}],"author":[{"embeddable":true,"href":"https:\/\/www.radiosanctispiritus.cu\/es\/wp-json\/wp\/v2\/users\/18"}],"replies":[{"embeddable":true,"href":"https:\/\/www.radiosanctispiritus.cu\/es\/wp-json\/wp\/v2\/comments?post=59541"}],"version-history":[{"count":1,"href":"https:\/\/www.radiosanctispiritus.cu\/es\/wp-json\/wp\/v2\/posts\/59541\/revisions"}],"predecessor-version":[{"id":59542,"href":"https:\/\/www.radiosanctispiritus.cu\/es\/wp-json\/wp\/v2\/posts\/59541\/revisions\/59542"}],"wp:featuredmedia":[{"embeddable":true,"href":"https:\/\/www.radiosanctispiritus.cu\/es\/wp-json\/wp\/v2\/media\/46043"}],"wp:attachment":[{"href":"https:\/\/www.radiosanctispiritus.cu\/es\/wp-json\/wp\/v2\/media?parent=59541"}],"wp:term":[{"taxonomy":"category","embeddable":true,"href":"https:\/\/www.radiosanctispiritus.cu\/es\/wp-json\/wp\/v2\/categories?post=59541"},{"taxonomy":"post_tag","embeddable":true,"href":"https:\/\/www.radiosanctispiritus.cu\/es\/wp-json\/wp\/v2\/tags?post=59541"},{"taxonomy":"author","embeddable":true,"href":"https:\/\/www.radiosanctispiritus.cu\/es\/wp-json\/wp\/v2\/coauthors?post=59541"}],"curies":[{"name":"wp","href":"https:\/\/api.w.org\/{rel}","templated":true}]}}