{"id":59514,"date":"2025-12-12T19:32:11","date_gmt":"2025-12-13T00:32:11","guid":{"rendered":"https:\/\/www.radiosanctispiritus.cu\/es\/?p=59514"},"modified":"2025-12-12T14:46:17","modified_gmt":"2025-12-12T19:46:17","slug":"proyecto-trinitario-entre-hilos-alas-y-pinceles-ocupa-espacio-en-la-habana-vieja","status":"publish","type":"post","link":"https:\/\/www.radiosanctispiritus.cu\/es\/proyecto-trinitario-entre-hilos-alas-y-pinceles-ocupa-espacio-en-la-habana-vieja\/","title":{"rendered":"Proyecto trinitario \u00abEntre hilos, alas y pinceles\u00bb ocupa espacio en La Habana Vieja"},"content":{"rendered":"<p>De la invitaci\u00f3n a la realidad, ya el proyecto Entre hilos, alas y pinceles, uno de los fragmentos m\u00e1s aut\u00f3ctonos de las manualidades trinitarias, ocupa su espacio permanente en el Museo Casa de la Obrap\u00eda, en la calle Mercaderes, en La Habana Vieja.<\/p>\n<p>Yudit Vidal Faife, l\u00edder del proyecto, precis\u00f3 que se trata de \u00abuna peque\u00f1a muestra que marca la evoluci\u00f3n que ha tenido y el desarrollo pict\u00f3rico-art\u00edstico de Entre hilos, alas y pinceles, que ha transitado por diferentes etapas, por diferentes periodos, por diferentes colecciones. Y hay una peque\u00f1a muestra de cada una de estas colecciones, empezando por las obras bidimensionales, con los tejidos y el deshilado, que es el patr\u00f3n que nos caracteriza. Luego, pues hay otra muestra de obras de fotograf\u00eda intervenida. Hay tambi\u00e9n una muestra de obras con la tridimensionalidad de la tercera colecci\u00f3n. Y las esculturas, el conjunto escult\u00f3rico, esculpiendo los hilos del tiempo, que se puso tambi\u00e9n en la 14 bienal. Adem\u00e1s, una representaci\u00f3n de las piezas de las artesanas.<\/p>\n<p>\u00ab\u00bfY qu\u00e9 representa para nosotros?Es algo maravilloso, incre\u00edble. Es un pedacito de Trinidad en La Habana. Es no solamente el visitante nacional y for\u00e1neo que lleguen a nuestro pa\u00eds interesados por esta tradici\u00f3n ancestral. Ya lo puede visitar y lo puede ver en La Habana. Ya ha tenido muchos visitantes. Y es eso, es visibilizar el trabajo de las artesanas trinitarias. Y luego, bueno, ya saben qu\u00e9 se van a encontrar cuando lleguen a Trinidad\u00bb.<\/p>\n<p>Entre hilos, alas y pinceles, resulta sin duda el proyecto de las artes visuales con mayor impacto dentro y fuera de Sancti Sp\u00edritus.<\/p>\n<p><iframe src=\"https:\/\/www.ivoox.com\/player_ej_164169027_6_1.html?c1=7a0d0b\" width=\"100%\" height=\"200\" frameborder=\"0\" scrolling=\"no\" allowfullscreen=\"allowfullscreen\"><\/iframe><\/p>\n","protected":false},"excerpt":{"rendered":"<p>De la invitaci\u00f3n a la realidad, ya el proyecto Entre hilos, alas y pinceles, uno de los fragmentos m\u00e1s aut\u00f3ctonos de las manualidades trinitarias, ocupa su espacio permanente en el Museo Casa de la Obrap\u00eda, en la calle Mercaderes, en La Habana Vieja.<\/p>\n","protected":false},"author":12,"featured_media":59515,"comment_status":"open","ping_status":"open","sticky":false,"template":"","format":"standard","meta":{"_acf_changed":false,"footnotes":""},"categories":[8,6,9,1],"tags":[727,54,1659],"coauthors":[1864],"class_list":["post-59514","post","type-post","status-publish","format-standard","has-post-thumbnail","hentry","category-noticia","category-cultura","category-en-audio","category-sancti-spiritus","tag-artesania","tag-trinidad-de-cuba","tag-yudit-vidal-faife"],"acf":[],"_links":{"self":[{"href":"https:\/\/www.radiosanctispiritus.cu\/es\/wp-json\/wp\/v2\/posts\/59514","targetHints":{"allow":["GET"]}}],"collection":[{"href":"https:\/\/www.radiosanctispiritus.cu\/es\/wp-json\/wp\/v2\/posts"}],"about":[{"href":"https:\/\/www.radiosanctispiritus.cu\/es\/wp-json\/wp\/v2\/types\/post"}],"author":[{"embeddable":true,"href":"https:\/\/www.radiosanctispiritus.cu\/es\/wp-json\/wp\/v2\/users\/12"}],"replies":[{"embeddable":true,"href":"https:\/\/www.radiosanctispiritus.cu\/es\/wp-json\/wp\/v2\/comments?post=59514"}],"version-history":[{"count":1,"href":"https:\/\/www.radiosanctispiritus.cu\/es\/wp-json\/wp\/v2\/posts\/59514\/revisions"}],"predecessor-version":[{"id":59516,"href":"https:\/\/www.radiosanctispiritus.cu\/es\/wp-json\/wp\/v2\/posts\/59514\/revisions\/59516"}],"wp:featuredmedia":[{"embeddable":true,"href":"https:\/\/www.radiosanctispiritus.cu\/es\/wp-json\/wp\/v2\/media\/59515"}],"wp:attachment":[{"href":"https:\/\/www.radiosanctispiritus.cu\/es\/wp-json\/wp\/v2\/media?parent=59514"}],"wp:term":[{"taxonomy":"category","embeddable":true,"href":"https:\/\/www.radiosanctispiritus.cu\/es\/wp-json\/wp\/v2\/categories?post=59514"},{"taxonomy":"post_tag","embeddable":true,"href":"https:\/\/www.radiosanctispiritus.cu\/es\/wp-json\/wp\/v2\/tags?post=59514"},{"taxonomy":"author","embeddable":true,"href":"https:\/\/www.radiosanctispiritus.cu\/es\/wp-json\/wp\/v2\/coauthors?post=59514"}],"curies":[{"name":"wp","href":"https:\/\/api.w.org\/{rel}","templated":true}]}}