{"id":59498,"date":"2025-12-12T08:54:10","date_gmt":"2025-12-12T13:54:10","guid":{"rendered":"https:\/\/www.radiosanctispiritus.cu\/es\/?p=59498"},"modified":"2025-12-12T08:55:35","modified_gmt":"2025-12-12T13:55:35","slug":"posponen-festival-de-la-canchanchara-para-febrero-de-2026","status":"publish","type":"post","link":"https:\/\/www.radiosanctispiritus.cu\/es\/posponen-festival-de-la-canchanchara-para-febrero-de-2026\/","title":{"rendered":"Posponen Festival de La Canch\u00e1nchara para febrero de 2026"},"content":{"rendered":"<p>La tercera edici\u00f3n del Festival \u00abCanch\u00e1nchara: Tradici\u00f3n y Cultura\u00bb, programada del 12 al 14 de diciembre, se pospone para febrero de 2026, decisi\u00f3n consensuada entre el Comit\u00e9 Organizador y las m\u00e1ximas autoridades de Trinidad, Cuba.<\/p>\n<p>La disposici\u00f3n tiene como principales argumentos la problem\u00e1tica epidemiol\u00f3gica que envuelve al territorio por la presencia de arbovirosis, la compleja situaci\u00f3n energ\u00e9tica y las limitantes de recursos, la mayor parte de los cuales se destinan al Oriente del pa\u00eds, en etapa de recuperaci\u00f3n tras los da\u00f1os ocasionados por el hurac\u00e1n Melissa.<\/p>\n<p>Los organizadores coincidieron en que dichas atenuantes restar\u00edan calidad a la tercera edici\u00f3n del Festival Canch\u00e1nchara de Trinidad, \u00fanico de su tipo con esas caracter\u00edsticas en el pa\u00eds, el cual dej\u00f3 la vara muy alta en las dos celebraciones anteriores.<\/p>\n<p>Respecto al Festival Canch\u00e1nchara, el Comit\u00e9 Organizador desminti\u00f3 comentarios publicados en las redes sociales que refieren la celebraci\u00f3n de la festividad en Varadero, lo cual es totalmente falso, ya que este evento es exclusivo de Trinidad, Cuba. Solo que en el balneario matancero, la empresa extrahotelera Palmares habilita un espacio para la comercializaci\u00f3n de la bebida, la cual ha representado a la urbe en eventos nacionales e internacionales organizados por el turismo.<\/p>\n<p>La primera edici\u00f3n de la festividad, que distingue a una de las bebidas m\u00e1s aut\u00e9nticas de Cuba \u2014la canch\u00e1nchara\u2014, fue celebrada en diciembre de 2023 y tuvo como motivaciones los 510 a\u00f1os de la fundaci\u00f3n de Trinidad y el 35 aniversario de su nombramiento como Patrimonio Cultural de la Humanidad otorgado por la UNESCO.<\/p>\n<p>Por su parte, Ronald S\u00e1nchez N\u00fa\u00f1ez, director de la Casa de la M\u00fasica de la EGREM \u2014instituci\u00f3n que auspicia la cita en conjunto con la Direcci\u00f3n Municipal de Cultura y Arte\u2014, dijo a Radio Trinidad que este viernes y s\u00e1bado, desde las 7 de la noche hasta las 2 de la ma\u00f1ana, el arte y la alegr\u00eda se conjugar\u00e1n a cielo abierto.<\/p>\n<p>Agreg\u00f3 que lugare\u00f1os y visitantes nacionales y extranjeros podr\u00e1n disfrutar de dos noches amenizadas por las agrupaciones del patio Viancom\u00e9, Sonora Trinitaria y Las Cueva. En ambas jornadas, la entrada ser\u00e1 libre.<\/p>\n<p><iframe src=\"https:\/\/www.ivoox.com\/player_ej_164169377_6_1.html?c1=7a0d0b\" width=\"100%\" height=\"200\" frameborder=\"0\" allowfullscreen=\"\" scrolling=\"no\" loading=\"lazy\"><\/iframe><\/p>\n","protected":false},"excerpt":{"rendered":"<p>La tercera edici\u00f3n del Festival Canch\u00e1nchara, Tradici\u00f3n y Cultura, programada del 12 al 14 de diciembre, se pospone para febrero de 2026, decisi\u00f3n consensuada entre el Comit\u00e9 Organizador y las m\u00e1ximas autoridades de Trinidad, Cuba.<\/p>\n","protected":false},"author":145,"featured_media":59499,"comment_status":"open","ping_status":"open","sticky":false,"template":"","format":"standard","meta":{"_acf_changed":false,"footnotes":""},"categories":[8,9,1],"tags":[1487,54],"coauthors":[1886],"class_list":["post-59498","post","type-post","status-publish","format-standard","has-post-thumbnail","hentry","category-noticia","category-en-audio","category-sancti-spiritus","tag-festival-canchanchara-tradicion-y-cultura","tag-trinidad-de-cuba"],"acf":[],"_links":{"self":[{"href":"https:\/\/www.radiosanctispiritus.cu\/es\/wp-json\/wp\/v2\/posts\/59498","targetHints":{"allow":["GET"]}}],"collection":[{"href":"https:\/\/www.radiosanctispiritus.cu\/es\/wp-json\/wp\/v2\/posts"}],"about":[{"href":"https:\/\/www.radiosanctispiritus.cu\/es\/wp-json\/wp\/v2\/types\/post"}],"author":[{"embeddable":true,"href":"https:\/\/www.radiosanctispiritus.cu\/es\/wp-json\/wp\/v2\/users\/145"}],"replies":[{"embeddable":true,"href":"https:\/\/www.radiosanctispiritus.cu\/es\/wp-json\/wp\/v2\/comments?post=59498"}],"version-history":[{"count":3,"href":"https:\/\/www.radiosanctispiritus.cu\/es\/wp-json\/wp\/v2\/posts\/59498\/revisions"}],"predecessor-version":[{"id":59502,"href":"https:\/\/www.radiosanctispiritus.cu\/es\/wp-json\/wp\/v2\/posts\/59498\/revisions\/59502"}],"wp:featuredmedia":[{"embeddable":true,"href":"https:\/\/www.radiosanctispiritus.cu\/es\/wp-json\/wp\/v2\/media\/59499"}],"wp:attachment":[{"href":"https:\/\/www.radiosanctispiritus.cu\/es\/wp-json\/wp\/v2\/media?parent=59498"}],"wp:term":[{"taxonomy":"category","embeddable":true,"href":"https:\/\/www.radiosanctispiritus.cu\/es\/wp-json\/wp\/v2\/categories?post=59498"},{"taxonomy":"post_tag","embeddable":true,"href":"https:\/\/www.radiosanctispiritus.cu\/es\/wp-json\/wp\/v2\/tags?post=59498"},{"taxonomy":"author","embeddable":true,"href":"https:\/\/www.radiosanctispiritus.cu\/es\/wp-json\/wp\/v2\/coauthors?post=59498"}],"curies":[{"name":"wp","href":"https:\/\/api.w.org\/{rel}","templated":true}]}}