{"id":59486,"date":"2025-12-11T20:20:29","date_gmt":"2025-12-12T01:20:29","guid":{"rendered":"https:\/\/www.radiosanctispiritus.cu\/es\/?p=59486"},"modified":"2025-12-11T20:22:08","modified_gmt":"2025-12-12T01:22:08","slug":"celebran-especialistas-de-yaguajay-dia-internacional-de-las-montanas","status":"publish","type":"post","link":"https:\/\/www.radiosanctispiritus.cu\/es\/celebran-especialistas-de-yaguajay-dia-internacional-de-las-montanas\/","title":{"rendered":"Celebran especialistas de Yaguajay D\u00eda Internacional de las Monta\u00f1as"},"content":{"rendered":"<p>Una jornada en saludo al D\u00eda Internacional de las Monta\u00f1as que se celebra cada 11 de diciembre han desarrollado desde Yaguajay especialistas del Centro de Servicios Ambientales de Sancti Sp\u00edritus.<\/p>\n<p><iframe src=\"https:\/\/www.ivoox.com\/player_ej_164169082_6_1.html?c1=7a0d0b\" width=\"100%\" height=\"200\" frameborder=\"0\" scrolling=\"no\" allowfullscreen=\"allowfullscreen\"><\/iframe><\/p>\n","protected":false},"excerpt":{"rendered":"<p>Una jornada en saludo al D\u00eda Internacional de las Monta\u00f1as que se celebra cada 11 de diciembre han desarrollado desde Yaguajay especialistas del Centro de Servicios Ambientales de Sancti Sp\u00edritus.<\/p>\n","protected":false},"author":165,"featured_media":39060,"comment_status":"open","ping_status":"open","sticky":false,"template":"","format":"standard","meta":{"_acf_changed":false,"footnotes":""},"categories":[8,9,1],"tags":[1453,422,106],"coauthors":[1881],"class_list":["post-59486","post","type-post","status-publish","format-standard","has-post-thumbnail","hentry","category-noticia","category-en-audio","category-sancti-spiritus","tag-dia-internacional-de-las-montanas","tag-montanas","tag-yaguajay"],"acf":[],"_links":{"self":[{"href":"https:\/\/www.radiosanctispiritus.cu\/es\/wp-json\/wp\/v2\/posts\/59486","targetHints":{"allow":["GET"]}}],"collection":[{"href":"https:\/\/www.radiosanctispiritus.cu\/es\/wp-json\/wp\/v2\/posts"}],"about":[{"href":"https:\/\/www.radiosanctispiritus.cu\/es\/wp-json\/wp\/v2\/types\/post"}],"author":[{"embeddable":true,"href":"https:\/\/www.radiosanctispiritus.cu\/es\/wp-json\/wp\/v2\/users\/165"}],"replies":[{"embeddable":true,"href":"https:\/\/www.radiosanctispiritus.cu\/es\/wp-json\/wp\/v2\/comments?post=59486"}],"version-history":[{"count":2,"href":"https:\/\/www.radiosanctispiritus.cu\/es\/wp-json\/wp\/v2\/posts\/59486\/revisions"}],"predecessor-version":[{"id":59488,"href":"https:\/\/www.radiosanctispiritus.cu\/es\/wp-json\/wp\/v2\/posts\/59486\/revisions\/59488"}],"wp:featuredmedia":[{"embeddable":true,"href":"https:\/\/www.radiosanctispiritus.cu\/es\/wp-json\/wp\/v2\/media\/39060"}],"wp:attachment":[{"href":"https:\/\/www.radiosanctispiritus.cu\/es\/wp-json\/wp\/v2\/media?parent=59486"}],"wp:term":[{"taxonomy":"category","embeddable":true,"href":"https:\/\/www.radiosanctispiritus.cu\/es\/wp-json\/wp\/v2\/categories?post=59486"},{"taxonomy":"post_tag","embeddable":true,"href":"https:\/\/www.radiosanctispiritus.cu\/es\/wp-json\/wp\/v2\/tags?post=59486"},{"taxonomy":"author","embeddable":true,"href":"https:\/\/www.radiosanctispiritus.cu\/es\/wp-json\/wp\/v2\/coauthors?post=59486"}],"curies":[{"name":"wp","href":"https:\/\/api.w.org\/{rel}","templated":true}]}}