{"id":59479,"date":"2025-12-11T20:05:59","date_gmt":"2025-12-12T01:05:59","guid":{"rendered":"https:\/\/www.radiosanctispiritus.cu\/es\/?p=59479"},"modified":"2025-12-11T20:05:59","modified_gmt":"2025-12-12T01:05:59","slug":"reajustan-programa-del-sexto-periodo-de-sesiones-del-parlamento-cubano","status":"publish","type":"post","link":"https:\/\/www.radiosanctispiritus.cu\/es\/reajustan-programa-del-sexto-periodo-de-sesiones-del-parlamento-cubano\/","title":{"rendered":"Reajustan programa del Sexto Per\u00edodo de Sesiones del Parlamento cubano"},"content":{"rendered":"<p>El Consejo de Estado de Cuba aprob\u00f3 reajustar el programa del Sexto Per\u00edodo Ordinario de Sesiones de la Asamblea Nacional del Poder Popular, en su X Legislatura, y desarrollarlo mediante videoconferencia solamente el d\u00eda 18 de diciembre.<\/p>\n<p>Seg\u00fan informa este jueves el legislativo en su sitio web, el \u00f3rgano representativo del Parlamento cubano, en su sesi\u00f3n ordinaria correspondiente al mes de diciembre, dispuso el mencionado cambio teniendo en cuenta la compleja situaci\u00f3n del pa\u00eds.<\/p>\n<p>El Sexto Per\u00edodo Ordinario de Sesiones de este \u00f3rgano, en su X Legislatura, se hab\u00eda convocado para el d\u00eda 18 de diciembre en el Palacio de Convenciones de La Habana, con las reuniones de las comisiones permanentes de trabajo los d\u00edas 15, 16 y 17.<\/p>\n<p>En la agenda de la sesi\u00f3n plenaria para el debate por la Asamblea Nacional del Poder Popular se incluyen la evaluaci\u00f3n del cumplimiento e impacto de las medidas del Programa de Gobierno para corregir distorsiones y reimpulsar la econom\u00eda, la presentaci\u00f3n de los objetivos y metas de la econom\u00eda para el pr\u00f3ximo a\u00f1o, y el an\u00e1lisis y discusi\u00f3n del proyecto de Ley del Presupuesto del Estado para el a\u00f1o 2026.<\/p>\n<p>De acuerdo con la convocatoria original, tambi\u00e9n se prev\u00e9n otros procesos como la rendici\u00f3n de cuenta del Ministerio de Ciencia, Tecnolog\u00eda y Medio Ambiente, y del Gobierno Provincial del Poder Popular de Ciego de \u00c1vila; y el informe del ejercicio de la m\u00e1s alta fiscalizaci\u00f3n al Ministerio de Justicia; as\u00ed como el an\u00e1lisis y discusi\u00f3n de proyectos de ley.<\/p>\n","protected":false},"excerpt":{"rendered":"<p>El Consejo de Estado de Cuba aprob\u00f3 reajustar el programa del Sexto Per\u00edodo Ordinario de Sesiones de la Asamblea Nacional del Poder Popular, en su X Legislatura, y desarrollarlo mediante videoconferencia solamente el d\u00eda 18 de diciembre.<\/p>\n","protected":false},"author":123,"featured_media":59480,"comment_status":"open","ping_status":"open","sticky":false,"template":"","format":"standard","meta":{"_acf_changed":false,"footnotes":""},"categories":[8,3],"tags":[227,272],"coauthors":[1895],"class_list":["post-59479","post","type-post","status-publish","format-standard","has-post-thumbnail","hentry","category-noticia","category-cuba","tag-asamblea-nacional-del-poder-popular","tag-parlamento-cubano"],"acf":[],"_links":{"self":[{"href":"https:\/\/www.radiosanctispiritus.cu\/es\/wp-json\/wp\/v2\/posts\/59479","targetHints":{"allow":["GET"]}}],"collection":[{"href":"https:\/\/www.radiosanctispiritus.cu\/es\/wp-json\/wp\/v2\/posts"}],"about":[{"href":"https:\/\/www.radiosanctispiritus.cu\/es\/wp-json\/wp\/v2\/types\/post"}],"author":[{"embeddable":true,"href":"https:\/\/www.radiosanctispiritus.cu\/es\/wp-json\/wp\/v2\/users\/123"}],"replies":[{"embeddable":true,"href":"https:\/\/www.radiosanctispiritus.cu\/es\/wp-json\/wp\/v2\/comments?post=59479"}],"version-history":[{"count":1,"href":"https:\/\/www.radiosanctispiritus.cu\/es\/wp-json\/wp\/v2\/posts\/59479\/revisions"}],"predecessor-version":[{"id":59481,"href":"https:\/\/www.radiosanctispiritus.cu\/es\/wp-json\/wp\/v2\/posts\/59479\/revisions\/59481"}],"wp:featuredmedia":[{"embeddable":true,"href":"https:\/\/www.radiosanctispiritus.cu\/es\/wp-json\/wp\/v2\/media\/59480"}],"wp:attachment":[{"href":"https:\/\/www.radiosanctispiritus.cu\/es\/wp-json\/wp\/v2\/media?parent=59479"}],"wp:term":[{"taxonomy":"category","embeddable":true,"href":"https:\/\/www.radiosanctispiritus.cu\/es\/wp-json\/wp\/v2\/categories?post=59479"},{"taxonomy":"post_tag","embeddable":true,"href":"https:\/\/www.radiosanctispiritus.cu\/es\/wp-json\/wp\/v2\/tags?post=59479"},{"taxonomy":"author","embeddable":true,"href":"https:\/\/www.radiosanctispiritus.cu\/es\/wp-json\/wp\/v2\/coauthors?post=59479"}],"curies":[{"name":"wp","href":"https:\/\/api.w.org\/{rel}","templated":true}]}}