{"id":59437,"date":"2025-12-11T10:38:40","date_gmt":"2025-12-11T15:38:40","guid":{"rendered":"https:\/\/www.radiosanctispiritus.cu\/es\/?p=59437"},"modified":"2025-12-11T11:39:55","modified_gmt":"2025-12-11T16:39:55","slug":"acoge-sancti-spiritus-celebraciones-por-el-dia-del-trabajador-de-la-cultura","status":"publish","type":"post","link":"https:\/\/www.radiosanctispiritus.cu\/es\/acoge-sancti-spiritus-celebraciones-por-el-dia-del-trabajador-de-la-cultura\/","title":{"rendered":"Acoge Sancti Sp\u00edritus celebraciones por el D\u00eda del Trabajador de la Cultura"},"content":{"rendered":"<p>Los m\u00e1s de tres mil 570 afiliados al Sindicato de Trabajadores de la Cultura en Sancti Sp\u00edritus viven d\u00edas de j\u00fabilo desde que se conoci\u00f3 que la provincia mereci\u00f3 la condici\u00f3n de vanguardia nacional en la emulaci\u00f3n Cultura en Revoluci\u00f3n.<\/p>\n<p>Es por ello que este territorio acoger\u00e1 este 13 de diciembre el acto central por el D\u00eda del Trabajador de ese sector.<\/p>\n<p>La asignaci\u00f3n se convierte de ese modo en perfecto premio al esfuerzo de todos los colectivos.<\/p>\n<p>Precisamente, la actividad cultural posibilit\u00f3 a Sancti Sp\u00edritus resultar la sede del acto nacional en la jornada que se honra el natalicio de Ra\u00fal G\u00f3mez Garc\u00eda, bautizado por la historia como el Poeta de la Generaci\u00f3n del Centenario.<\/p>\n<p><iframe src=\"https:\/\/www.ivoox.com\/player_ej_164117114_6_1.html?c1=7a0d0b\" width=\"100%\" height=\"200\" frameborder=\"0\" scrolling=\"no\" allowfullscreen=\"allowfullscreen\"><\/iframe><\/p>\n","protected":false},"excerpt":{"rendered":"<p>Los m\u00e1s de tres mil 570 afiliados al Sindicato de Trabajadores de la Cultura en Sancti Sp\u00edritus viven d\u00edas de j\u00fabilo desde que se conoci\u00f3 que la provincia mereci\u00f3 la condici\u00f3n de vanguardia nacional en la emulaci\u00f3n Cultura en Revoluci\u00f3n.<\/p>\n","protected":false},"author":12,"featured_media":45369,"comment_status":"open","ping_status":"open","sticky":false,"template":"","format":"standard","meta":{"_acf_changed":false,"footnotes":""},"categories":[8,6,9,1],"tags":[282,1375],"coauthors":[1864],"class_list":["post-59437","post","type-post","status-publish","format-standard","has-post-thumbnail","hentry","category-noticia","category-cultura","category-en-audio","category-sancti-spiritus","tag-cultura","tag-dia-del-trabajador-de-la-cultura"],"acf":[],"_links":{"self":[{"href":"https:\/\/www.radiosanctispiritus.cu\/es\/wp-json\/wp\/v2\/posts\/59437","targetHints":{"allow":["GET"]}}],"collection":[{"href":"https:\/\/www.radiosanctispiritus.cu\/es\/wp-json\/wp\/v2\/posts"}],"about":[{"href":"https:\/\/www.radiosanctispiritus.cu\/es\/wp-json\/wp\/v2\/types\/post"}],"author":[{"embeddable":true,"href":"https:\/\/www.radiosanctispiritus.cu\/es\/wp-json\/wp\/v2\/users\/12"}],"replies":[{"embeddable":true,"href":"https:\/\/www.radiosanctispiritus.cu\/es\/wp-json\/wp\/v2\/comments?post=59437"}],"version-history":[{"count":2,"href":"https:\/\/www.radiosanctispiritus.cu\/es\/wp-json\/wp\/v2\/posts\/59437\/revisions"}],"predecessor-version":[{"id":59439,"href":"https:\/\/www.radiosanctispiritus.cu\/es\/wp-json\/wp\/v2\/posts\/59437\/revisions\/59439"}],"wp:featuredmedia":[{"embeddable":true,"href":"https:\/\/www.radiosanctispiritus.cu\/es\/wp-json\/wp\/v2\/media\/45369"}],"wp:attachment":[{"href":"https:\/\/www.radiosanctispiritus.cu\/es\/wp-json\/wp\/v2\/media?parent=59437"}],"wp:term":[{"taxonomy":"category","embeddable":true,"href":"https:\/\/www.radiosanctispiritus.cu\/es\/wp-json\/wp\/v2\/categories?post=59437"},{"taxonomy":"post_tag","embeddable":true,"href":"https:\/\/www.radiosanctispiritus.cu\/es\/wp-json\/wp\/v2\/tags?post=59437"},{"taxonomy":"author","embeddable":true,"href":"https:\/\/www.radiosanctispiritus.cu\/es\/wp-json\/wp\/v2\/coauthors?post=59437"}],"curies":[{"name":"wp","href":"https:\/\/api.w.org\/{rel}","templated":true}]}}