{"id":59375,"date":"2025-12-09T20:27:10","date_gmt":"2025-12-10T01:27:10","guid":{"rendered":"https:\/\/www.radiosanctispiritus.cu\/es\/?p=59375"},"modified":"2025-12-09T20:27:10","modified_gmt":"2025-12-10T01:27:10","slug":"arrollo-sancti-spiritus-a-ritmo-de-coros","status":"publish","type":"post","link":"https:\/\/www.radiosanctispiritus.cu\/es\/arrollo-sancti-spiritus-a-ritmo-de-coros\/","title":{"rendered":"Arroll\u00f3 Sancti Sp\u00edritus a ritmo de coros"},"content":{"rendered":"<p>Volver sobre el pentagrama musical infantil, precisamente en aquellas melod\u00edas ic\u00f3nicas que han acompa\u00f1ado a varias generaciones de cubanos, fue una de las motivaciones del XVII Encuentro de Coros que sesion\u00f3 en Sancti Sp\u00edritus.<\/p>\n<p>La cita, que incluy\u00f3 el tradicional homenaje a Serapio, ofreci\u00f3, a los pies de la escultura que lo inmortaliza en la entrada del bulevar de la ciudad del Yayabo, la presentaci\u00f3n del libro Claves y rumbas en Sancti Sp\u00edritus, de Sayli Alba \u00c1lvarez, Aida Il\u00e9n Torres y la propia Rosa Rodr\u00edguez.<\/p>\n<p><iframe src=\"https:\/\/www.ivoox.com\/player_ej_164021534_6_1.html?c1=7a0d0b\" width=\"100%\" height=\"200\" frameborder=\"0\" scrolling=\"no\" allowfullscreen=\"allowfullscreen\"><\/iframe><\/p>\n","protected":false},"excerpt":{"rendered":"<p>Volver sobre el pentagrama musical infantil, precisamente en aquellas melod\u00edas ic\u00f3nicas que han acompa\u00f1ado a varias generaciones de cubanos, fue una de las motivaciones del XVII Encuentro de Coros que sesion\u00f3 en Sancti Sp\u00edritus.<\/p>\n","protected":false},"author":12,"featured_media":59376,"comment_status":"open","ping_status":"open","sticky":false,"template":"","format":"standard","meta":{"_acf_changed":false,"footnotes":""},"categories":[8,6,9,1],"tags":[1432],"coauthors":[1864],"class_list":["post-59375","post","type-post","status-publish","format-standard","has-post-thumbnail","hentry","category-noticia","category-cultura","category-en-audio","category-sancti-spiritus","tag-encuentro-de-coros"],"acf":[],"_links":{"self":[{"href":"https:\/\/www.radiosanctispiritus.cu\/es\/wp-json\/wp\/v2\/posts\/59375","targetHints":{"allow":["GET"]}}],"collection":[{"href":"https:\/\/www.radiosanctispiritus.cu\/es\/wp-json\/wp\/v2\/posts"}],"about":[{"href":"https:\/\/www.radiosanctispiritus.cu\/es\/wp-json\/wp\/v2\/types\/post"}],"author":[{"embeddable":true,"href":"https:\/\/www.radiosanctispiritus.cu\/es\/wp-json\/wp\/v2\/users\/12"}],"replies":[{"embeddable":true,"href":"https:\/\/www.radiosanctispiritus.cu\/es\/wp-json\/wp\/v2\/comments?post=59375"}],"version-history":[{"count":1,"href":"https:\/\/www.radiosanctispiritus.cu\/es\/wp-json\/wp\/v2\/posts\/59375\/revisions"}],"predecessor-version":[{"id":59377,"href":"https:\/\/www.radiosanctispiritus.cu\/es\/wp-json\/wp\/v2\/posts\/59375\/revisions\/59377"}],"wp:featuredmedia":[{"embeddable":true,"href":"https:\/\/www.radiosanctispiritus.cu\/es\/wp-json\/wp\/v2\/media\/59376"}],"wp:attachment":[{"href":"https:\/\/www.radiosanctispiritus.cu\/es\/wp-json\/wp\/v2\/media?parent=59375"}],"wp:term":[{"taxonomy":"category","embeddable":true,"href":"https:\/\/www.radiosanctispiritus.cu\/es\/wp-json\/wp\/v2\/categories?post=59375"},{"taxonomy":"post_tag","embeddable":true,"href":"https:\/\/www.radiosanctispiritus.cu\/es\/wp-json\/wp\/v2\/tags?post=59375"},{"taxonomy":"author","embeddable":true,"href":"https:\/\/www.radiosanctispiritus.cu\/es\/wp-json\/wp\/v2\/coauthors?post=59375"}],"curies":[{"name":"wp","href":"https:\/\/api.w.org\/{rel}","templated":true}]}}