{"id":59314,"date":"2025-12-08T20:07:15","date_gmt":"2025-12-09T01:07:15","guid":{"rendered":"https:\/\/www.radiosanctispiritus.cu\/es\/?p=59314"},"modified":"2025-12-08T20:07:15","modified_gmt":"2025-12-09T01:07:15","slug":"tribunal-supremo-popular-notifica-sentencias-a-acusado-alejandro-miguel-gil-fernandez","status":"publish","type":"post","link":"https:\/\/www.radiosanctispiritus.cu\/es\/tribunal-supremo-popular-notifica-sentencias-a-acusado-alejandro-miguel-gil-fernandez\/","title":{"rendered":"Tribunal Supremo Popular notifica sentencias a acusado Alejandro Miguel Gil Fern\u00e1ndez"},"content":{"rendered":"<p style=\"padding-left: 40px; text-align: left;\">El Tribunal Supremo Popular informa que este lunes 8 de diciembre de 2025 notific\u00f3 las sentencias de los procesos penales contra el acusado Alejandro Miguel Gil Fern\u00e1ndez.<\/p>\n<p>Las vistas orales se desarrollaron entre los d\u00edas 11 y 13 de noviembre de 2025 y entre el 26 y el 29 del propio mes.<\/p>\n<p>En la primera causa penal fue considerado responsable de los delitos de espionaje, actos en perjuicio de la actividad econ\u00f3mica o de la contrataci\u00f3n; as\u00ed como de cohecho, sustracci\u00f3n y da\u00f1o de documentos u otros objetos en custodia oficial y violaci\u00f3n de los sellos oficiales e infracci\u00f3n de las normas de protecci\u00f3n de documentos clasificados, estos \u00faltimos de car\u00e1cter continuado.<\/p>\n<p>Como resultado de tal calificaci\u00f3n, el Tribunal le impuso la sanci\u00f3n conjunta a cumplir de privaci\u00f3n perpetua de libertad.<\/p>\n<p>En el segundo proceso se le consider\u00f3 responsable de los delitos de cohecho de car\u00e1cter continuado como medio a fin para cometer falsificaci\u00f3n de documentos p\u00fablicos; as\u00ed como tr\u00e1fico de influencias y evasi\u00f3n fiscal, ambos de car\u00e1cter continuado.<\/p>\n<p>En este caso, el Tribunal le impuso la sanci\u00f3n conjunta de veinte a\u00f1os de privaci\u00f3n de libertad.<\/p>\n<p>En ambos procesos contra Gil Fern\u00e1ndez, se aplicaron sanciones accesorias de confiscaci\u00f3n de bienes, prohibici\u00f3n del ejercicio de funciones que impliquen administraci\u00f3n o disponibilidad de recursos humanos, materiales y financieros y privaci\u00f3n de derechos p\u00fablicos, entre otras.<\/p>\n<p>Para determinar las sanciones a imponer, el Tribunal tuvo en cuenta los art\u00edculos 147 de la Constituci\u00f3n de la Rep\u00fablica, as\u00ed como el 71.1 y el 29 del C\u00f3digo Penal, relacionados con los fines de la sanci\u00f3n, evaluando la lesividad social de los hechos cometidos por el acusado.<\/p>\n<p>Alejandro Miguel Gil Fern\u00e1ndez, mediante un actuar corrupto y simulador, se aprovech\u00f3 de las facultades otorgadas por las responsabilidades que asumi\u00f3 para obtener beneficios personales, recibiendo dinero de firmas extranjeras y sobornando a otros funcionarios p\u00fablicos para legalizar la adquisici\u00f3n de bienes. Enga\u00f1\u00f3 a la direcci\u00f3n del pa\u00eds y al pueblo que representaba, generando, con ello, da\u00f1os a la econom\u00eda. Incumpli\u00f3 procesos de trabajo con la informaci\u00f3n oficial clasificada que manejaba, la sustrajo, la da\u00f1\u00f3 y finalmente la puso a disposici\u00f3n de los servicios del enemigo.<\/p>\n<p>Estos comportamientos altamente lesivos evidenciaron en el acusado una degradaci\u00f3n \u00e9tica, moral y pol\u00edtica que lo hacen merecedor de una respuesta penal severa, tal como demanda el Art\u00edculo 4 de la Constituci\u00f3n de la Rep\u00fablica, al dejar establecido que la traici\u00f3n a la Patria es el m\u00e1s grave de los cr\u00edmenes y quien la comete est\u00e1 sujeto a las m\u00e1s severas sanciones. Los hechos sancionados vulneran, adem\u00e1s, la Convenci\u00f3n de las Naciones Unidas contra la Corrupci\u00f3n, de la cual Cuba es miembro signatario.<\/p>\n<p>Al acusado y a la Fiscal\u00eda les asiste el derecho de interponer los recursos que establece la ley durante el plazo de diez d\u00edas.<\/p>\n<p>Respecto a la sanci\u00f3n de privaci\u00f3n perpetua de libertad, aunque no se impugne la sentencia, el Tribunal de oficio tramita recurso de apelaci\u00f3n, como garant\u00eda del acusado recogida en la Ley del proceso penal.<\/p>\n<p>Una vez resueltos los recursos contra las sentencias, de ratificarse su responsabilidad, se le formar\u00e1 una sanci\u00f3n conjunta y \u00fanica a ejecutar entre todas las penas impuestas, tal y como prev\u00e9 el Art\u00edculo 86 del C\u00f3digo penal vigente.<\/p>\n<p>Tanto el acusado como sus abogados reconocieron que durante la tramitaci\u00f3n de las causas y los actos de juicio oral se cumplieron los derechos y garant\u00edas consagradas en la Constituci\u00f3n de la Rep\u00fablica y la Ley del proceso penal.<\/p>\n<p><strong>Tribunal Supremo Popular<\/strong><\/p>\n","protected":false},"excerpt":{"rendered":"<p>El Tribunal Supremo Popular informa que este lunes 8 de diciembre de 2025 notific\u00f3 las sentencias de los procesos penales contra el acusado Alejandro Miguel Gil Fern\u00e1ndez.\u00a0<\/p>\n","protected":false},"author":26,"featured_media":32253,"comment_status":"open","ping_status":"open","sticky":false,"template":"","format":"standard","meta":{"_acf_changed":false,"footnotes":""},"categories":[8,3],"tags":[964,1119,279,805],"coauthors":[1887],"class_list":["post-59314","post","type-post","status-publish","format-standard","has-post-thumbnail","hentry","category-noticia","category-cuba","tag-economia-cubana","tag-economia-y-planificacion","tag-justicia","tag-tribunal-supremo"],"acf":[],"_links":{"self":[{"href":"https:\/\/www.radiosanctispiritus.cu\/es\/wp-json\/wp\/v2\/posts\/59314","targetHints":{"allow":["GET"]}}],"collection":[{"href":"https:\/\/www.radiosanctispiritus.cu\/es\/wp-json\/wp\/v2\/posts"}],"about":[{"href":"https:\/\/www.radiosanctispiritus.cu\/es\/wp-json\/wp\/v2\/types\/post"}],"author":[{"embeddable":true,"href":"https:\/\/www.radiosanctispiritus.cu\/es\/wp-json\/wp\/v2\/users\/26"}],"replies":[{"embeddable":true,"href":"https:\/\/www.radiosanctispiritus.cu\/es\/wp-json\/wp\/v2\/comments?post=59314"}],"version-history":[{"count":1,"href":"https:\/\/www.radiosanctispiritus.cu\/es\/wp-json\/wp\/v2\/posts\/59314\/revisions"}],"predecessor-version":[{"id":59315,"href":"https:\/\/www.radiosanctispiritus.cu\/es\/wp-json\/wp\/v2\/posts\/59314\/revisions\/59315"}],"wp:featuredmedia":[{"embeddable":true,"href":"https:\/\/www.radiosanctispiritus.cu\/es\/wp-json\/wp\/v2\/media\/32253"}],"wp:attachment":[{"href":"https:\/\/www.radiosanctispiritus.cu\/es\/wp-json\/wp\/v2\/media?parent=59314"}],"wp:term":[{"taxonomy":"category","embeddable":true,"href":"https:\/\/www.radiosanctispiritus.cu\/es\/wp-json\/wp\/v2\/categories?post=59314"},{"taxonomy":"post_tag","embeddable":true,"href":"https:\/\/www.radiosanctispiritus.cu\/es\/wp-json\/wp\/v2\/tags?post=59314"},{"taxonomy":"author","embeddable":true,"href":"https:\/\/www.radiosanctispiritus.cu\/es\/wp-json\/wp\/v2\/coauthors?post=59314"}],"curies":[{"name":"wp","href":"https:\/\/api.w.org\/{rel}","templated":true}]}}