{"id":59225,"date":"2025-12-07T08:30:29","date_gmt":"2025-12-07T13:30:29","guid":{"rendered":"https:\/\/www.radiosanctispiritus.cu\/es\/?p=59225"},"modified":"2025-12-07T21:23:59","modified_gmt":"2025-12-08T02:23:59","slug":"sancti-spiritus-rinde-tributo-a-sus-martires-internacionalistas","status":"publish","type":"post","link":"https:\/\/www.radiosanctispiritus.cu\/es\/sancti-spiritus-rinde-tributo-a-sus-martires-internacionalistas\/","title":{"rendered":"Sancti Sp\u00edritus rinde tributo a sus m\u00e1rtires internacionalistas"},"content":{"rendered":"<p>Una ceremonia en homenaje a los combatientes internacionalistas ca\u00eddos en el cumplimiento del deber y a los h\u00e9roes de las gestas independentistas, tuvo lugar en el Pante\u00f3n de los Ca\u00eddos por la Defensa en Sancti Sp\u00edritus este domingo.<\/p>\n<p>El acto conmemor\u00f3 el aniversario 36 de la Operaci\u00f3n Tributo y rindi\u00f3 homenaje a los ca\u00eddos en las luchas por la independencia, a la Asociaci\u00f3n de Combatientes de la Revoluci\u00f3n Cubana y a la muerte en combate del lugarteniente general Antonio Maceo y su ayudante Panchito G\u00f3mez Toro.<\/p>\n<div id=\"attachment_59235\" style=\"width: 610px\" class=\"wp-caption aligncenter\"><img decoding=\"async\" aria-describedby=\"caption-attachment-59235\" class=\"size-medium wp-image-59235\" src=\"https:\/\/www.radiosanctispiritus.cu\/es\/wp-content\/uploads\/1-7-2-600x400.jpg\" alt=\"\" width=\"600\" height=\"400\" srcset=\"https:\/\/www.radiosanctispiritus.cu\/es\/wp-content\/uploads\/1-7-2-600x400.jpg 600w, https:\/\/www.radiosanctispiritus.cu\/es\/wp-content\/uploads\/1-7-2-1024x683.jpg 1024w, https:\/\/www.radiosanctispiritus.cu\/es\/wp-content\/uploads\/1-7-2-768x512.jpg 768w, https:\/\/www.radiosanctispiritus.cu\/es\/wp-content\/uploads\/1-7-2-1536x1024.jpg 1536w, https:\/\/www.radiosanctispiritus.cu\/es\/wp-content\/uploads\/1-7-2-2048x1365.jpg 2048w\" sizes=\"(max-width: 600px) 100vw, 600px\" \/><p id=\"caption-attachment-59235\" class=\"wp-caption-text\">Los espirituanos vuelven al tributo. Fotos: Oscar Alfonso.<\/p><\/div>\n<p>La jornada inici\u00f3 con las \u00f3rdenes de formaci\u00f3n militar, el himno nacional y el toque de silencio, que imprimieron solemnidad al tributo.<\/p>\n<p><iframe src=\"https:\/\/www.ivoox.com\/player_ej_163892331_6_1.html\" width=\"100%\" height=\"200\" frameborder=\"0\" scrolling=\"no\" allowfullscreen=\"allowfullscreen\"><\/iframe><\/p>\n<p>Mientras sonaba la marcha luctuosa, estudiantes espirituanos portaron retratos de los combatientes ca\u00eddos y soldados y oficiales de las Fuerzas Armadas Revolucionarias depositaron cinco ofrendas florales en el Pante\u00f3n donde reposan los restos de los internacionalistas.<\/p>\n<div id=\"attachment_59236\" style=\"width: 610px\" class=\"wp-caption aligncenter\"><img decoding=\"async\" aria-describedby=\"caption-attachment-59236\" class=\"size-medium wp-image-59236\" src=\"https:\/\/www.radiosanctispiritus.cu\/es\/wp-content\/uploads\/2-5-3-600x419.jpg\" alt=\"\" width=\"600\" height=\"419\" srcset=\"https:\/\/www.radiosanctispiritus.cu\/es\/wp-content\/uploads\/2-5-3-600x419.jpg 600w, https:\/\/www.radiosanctispiritus.cu\/es\/wp-content\/uploads\/2-5-3-1024x715.jpg 1024w, https:\/\/www.radiosanctispiritus.cu\/es\/wp-content\/uploads\/2-5-3-768x536.jpg 768w, https:\/\/www.radiosanctispiritus.cu\/es\/wp-content\/uploads\/2-5-3-1536x1073.jpg 1536w, https:\/\/www.radiosanctispiritus.cu\/es\/wp-content\/uploads\/2-5-3-2048x1430.jpg 2048w\" sizes=\"(max-width: 600px) 100vw, 600px\" \/><p id=\"caption-attachment-59236\" class=\"wp-caption-text\">Los j\u00f3venes portaron im\u00e1genes de los m\u00e1rtires.<\/p><\/div>\n<p>La ceremonia estuvo presidida por las principales autoridades del Consejo de Defensa Provincial y Municipal, junto a dirigentes del Partido, el gobierno, la Uni\u00f3n de J\u00f3venes Comunistas, las Fuerzas Armadas Revolucionarias, el Ministerio del Interior y las organizaciones de masas. Tambi\u00e9n participaron familiares de los ca\u00eddos, quienes honraron la memoria de sus seres queridos.<\/p>\n<div id=\"attachment_59244\" style=\"width: 610px\" class=\"wp-caption aligncenter\"><img decoding=\"async\" aria-describedby=\"caption-attachment-59244\" class=\"size-medium wp-image-59244\" src=\"https:\/\/www.radiosanctispiritus.cu\/es\/wp-content\/uploads\/Tributo-OAS-3-600x518.jpg\" alt=\"\" width=\"600\" height=\"518\" srcset=\"https:\/\/www.radiosanctispiritus.cu\/es\/wp-content\/uploads\/Tributo-OAS-3-600x518.jpg 600w, https:\/\/www.radiosanctispiritus.cu\/es\/wp-content\/uploads\/Tributo-OAS-3-1024x885.jpg 1024w, https:\/\/www.radiosanctispiritus.cu\/es\/wp-content\/uploads\/Tributo-OAS-3-768x664.jpg 768w, https:\/\/www.radiosanctispiritus.cu\/es\/wp-content\/uploads\/Tributo-OAS-3-1536x1327.jpg 1536w, https:\/\/www.radiosanctispiritus.cu\/es\/wp-content\/uploads\/Tributo-OAS-3-2048x1769.jpg 2048w\" sizes=\"(max-width: 600px) 100vw, 600px\" \/><p id=\"caption-attachment-59244\" class=\"wp-caption-text\">La marcialidad, el respeto, presentes en el tributo.<\/p><\/div>\n<p>Las palabras de clausura estuvieron a cargo del presidente del Consejo de Defensa Municipal en Sancti Sp\u00edritus, Osmundo Mart\u00ednez Montes de Oca, quien resalt\u00f3 la vigencia del ejemplo de los internacionalistas y el compromiso de las nuevas generaciones con la defensa de la naci\u00f3n.<\/p>\n<div id=\"attachment_59245\" style=\"width: 610px\" class=\"wp-caption aligncenter\"><img decoding=\"async\" aria-describedby=\"caption-attachment-59245\" class=\"size-medium wp-image-59245\" src=\"https:\/\/www.radiosanctispiritus.cu\/es\/wp-content\/uploads\/Tributo-OAS-5-600x469.jpg\" alt=\"\" width=\"600\" height=\"469\" srcset=\"https:\/\/www.radiosanctispiritus.cu\/es\/wp-content\/uploads\/Tributo-OAS-5-600x469.jpg 600w, https:\/\/www.radiosanctispiritus.cu\/es\/wp-content\/uploads\/Tributo-OAS-5-1024x801.jpg 1024w, https:\/\/www.radiosanctispiritus.cu\/es\/wp-content\/uploads\/Tributo-OAS-5-768x601.jpg 768w, https:\/\/www.radiosanctispiritus.cu\/es\/wp-content\/uploads\/Tributo-OAS-5-1536x1202.jpg 1536w, https:\/\/www.radiosanctispiritus.cu\/es\/wp-content\/uploads\/Tributo-OAS-5-2048x1602.jpg 2048w\" sizes=\"(max-width: 600px) 100vw, 600px\" \/><p id=\"caption-attachment-59245\" class=\"wp-caption-text\">Los panteones vuelven a llenarse m\u00e1s que de flores, de recuerdos, de sentimientos, de amor.<\/p><\/div>\n<p>Tras su intervenci\u00f3n, las autoridades y familiares ingresaron al pante\u00f3n para rendir tributo en un ambiente de respeto y gratitud hacia quienes ofrendaron su vida en cumplimiento del deber.<\/p>\n<div id=\"attachment_59246\" style=\"width: 610px\" class=\"wp-caption aligncenter\"><img decoding=\"async\" aria-describedby=\"caption-attachment-59246\" class=\"size-medium wp-image-59246\" src=\"https:\/\/www.radiosanctispiritus.cu\/es\/wp-content\/uploads\/Tributo-OAS-6-600x468.jpg\" alt=\"\" width=\"600\" height=\"468\" srcset=\"https:\/\/www.radiosanctispiritus.cu\/es\/wp-content\/uploads\/Tributo-OAS-6-600x468.jpg 600w, https:\/\/www.radiosanctispiritus.cu\/es\/wp-content\/uploads\/Tributo-OAS-6-1024x798.jpg 1024w, https:\/\/www.radiosanctispiritus.cu\/es\/wp-content\/uploads\/Tributo-OAS-6-768x599.jpg 768w, https:\/\/www.radiosanctispiritus.cu\/es\/wp-content\/uploads\/Tributo-OAS-6-1536x1198.jpg 1536w, https:\/\/www.radiosanctispiritus.cu\/es\/wp-content\/uploads\/Tributo-OAS-6-2048x1597.jpg 2048w\" sizes=\"(max-width: 600px) 100vw, 600px\" \/><p id=\"caption-attachment-59246\" class=\"wp-caption-text\">Momentos del tributo a los ca\u00eddos.<\/p><\/div>\n<div id=\"attachment_59247\" style=\"width: 610px\" class=\"wp-caption aligncenter\"><img decoding=\"async\" aria-describedby=\"caption-attachment-59247\" class=\"size-medium wp-image-59247\" src=\"https:\/\/www.radiosanctispiritus.cu\/es\/wp-content\/uploads\/Tributo-OAS-7-600x437.jpg\" alt=\"\" width=\"600\" height=\"437\" srcset=\"https:\/\/www.radiosanctispiritus.cu\/es\/wp-content\/uploads\/Tributo-OAS-7-600x437.jpg 600w, https:\/\/www.radiosanctispiritus.cu\/es\/wp-content\/uploads\/Tributo-OAS-7-1024x746.jpg 1024w, https:\/\/www.radiosanctispiritus.cu\/es\/wp-content\/uploads\/Tributo-OAS-7-768x560.jpg 768w, https:\/\/www.radiosanctispiritus.cu\/es\/wp-content\/uploads\/Tributo-OAS-7-1536x1119.jpg 1536w, https:\/\/www.radiosanctispiritus.cu\/es\/wp-content\/uploads\/Tributo-OAS-7-2048x1492.jpg 2048w\" sizes=\"(max-width: 600px) 100vw, 600px\" \/><p id=\"caption-attachment-59247\" class=\"wp-caption-text\">Los espirituanos acompa\u00f1aron a los familiares de los ca\u00eddos en el tributo.<\/p><\/div>\n<div id=\"attachment_59248\" style=\"width: 610px\" class=\"wp-caption aligncenter\"><img decoding=\"async\" aria-describedby=\"caption-attachment-59248\" class=\"size-medium wp-image-59248\" src=\"https:\/\/www.radiosanctispiritus.cu\/es\/wp-content\/uploads\/Tributo-OAS-8-600x400.jpg\" alt=\"\" width=\"600\" height=\"400\" srcset=\"https:\/\/www.radiosanctispiritus.cu\/es\/wp-content\/uploads\/Tributo-OAS-8-600x400.jpg 600w, https:\/\/www.radiosanctispiritus.cu\/es\/wp-content\/uploads\/Tributo-OAS-8-1024x683.jpg 1024w, https:\/\/www.radiosanctispiritus.cu\/es\/wp-content\/uploads\/Tributo-OAS-8-768x512.jpg 768w, https:\/\/www.radiosanctispiritus.cu\/es\/wp-content\/uploads\/Tributo-OAS-8-1536x1024.jpg 1536w, https:\/\/www.radiosanctispiritus.cu\/es\/wp-content\/uploads\/Tributo-OAS-8-2048x1365.jpg 2048w\" sizes=\"(max-width: 600px) 100vw, 600px\" \/><p id=\"caption-attachment-59248\" class=\"wp-caption-text\">Cuando el llanto evoca el amor.<\/p><\/div>\n<div id=\"attachment_59249\" style=\"width: 610px\" class=\"wp-caption aligncenter\"><img decoding=\"async\" aria-describedby=\"caption-attachment-59249\" class=\"size-medium wp-image-59249\" src=\"https:\/\/www.radiosanctispiritus.cu\/es\/wp-content\/uploads\/Tributo-OAS-9-600x505.jpg\" alt=\"\" width=\"600\" height=\"505\" srcset=\"https:\/\/www.radiosanctispiritus.cu\/es\/wp-content\/uploads\/Tributo-OAS-9-600x505.jpg 600w, https:\/\/www.radiosanctispiritus.cu\/es\/wp-content\/uploads\/Tributo-OAS-9-1024x862.jpg 1024w, https:\/\/www.radiosanctispiritus.cu\/es\/wp-content\/uploads\/Tributo-OAS-9-768x647.jpg 768w, https:\/\/www.radiosanctispiritus.cu\/es\/wp-content\/uploads\/Tributo-OAS-9-1536x1294.jpg 1536w, https:\/\/www.radiosanctispiritus.cu\/es\/wp-content\/uploads\/Tributo-OAS-9-2048x1725.jpg 2048w\" sizes=\"(max-width: 600px) 100vw, 600px\" \/><p id=\"caption-attachment-59249\" class=\"wp-caption-text\">La operaci\u00f3n Tributo cumple 36 a\u00f1os.<\/p><\/div>\n","protected":false},"excerpt":{"rendered":"<p>Una ceremonia en homenaje a los combatientes internacionalistas ca\u00eddos en el cumplimiento del deber y a los h\u00e9roes de las gestas independentistas, tuvo lugar en el Pante\u00f3n de los Ca\u00eddos por la Defensa en Sancti Sp\u00edritus este domingo.<\/p>\n","protected":false},"author":4,"featured_media":59234,"comment_status":"open","ping_status":"open","sticky":false,"template":"","format":"standard","meta":{"_acf_changed":false,"footnotes":""},"categories":[9,8,1],"tags":[1312,328,1410],"coauthors":[1883],"class_list":["post-59225","post","type-post","status-publish","format-standard","has-post-thumbnail","hentry","category-en-audio","category-noticia","category-sancti-spiritus","tag-asociacion-de-combatientes-de-la-revolucion-cubana","tag-combatientes","tag-operacion-tributo"],"acf":[],"_links":{"self":[{"href":"https:\/\/www.radiosanctispiritus.cu\/es\/wp-json\/wp\/v2\/posts\/59225","targetHints":{"allow":["GET"]}}],"collection":[{"href":"https:\/\/www.radiosanctispiritus.cu\/es\/wp-json\/wp\/v2\/posts"}],"about":[{"href":"https:\/\/www.radiosanctispiritus.cu\/es\/wp-json\/wp\/v2\/types\/post"}],"author":[{"embeddable":true,"href":"https:\/\/www.radiosanctispiritus.cu\/es\/wp-json\/wp\/v2\/users\/4"}],"replies":[{"embeddable":true,"href":"https:\/\/www.radiosanctispiritus.cu\/es\/wp-json\/wp\/v2\/comments?post=59225"}],"version-history":[{"count":5,"href":"https:\/\/www.radiosanctispiritus.cu\/es\/wp-json\/wp\/v2\/posts\/59225\/revisions"}],"predecessor-version":[{"id":59252,"href":"https:\/\/www.radiosanctispiritus.cu\/es\/wp-json\/wp\/v2\/posts\/59225\/revisions\/59252"}],"wp:featuredmedia":[{"embeddable":true,"href":"https:\/\/www.radiosanctispiritus.cu\/es\/wp-json\/wp\/v2\/media\/59234"}],"wp:attachment":[{"href":"https:\/\/www.radiosanctispiritus.cu\/es\/wp-json\/wp\/v2\/media?parent=59225"}],"wp:term":[{"taxonomy":"category","embeddable":true,"href":"https:\/\/www.radiosanctispiritus.cu\/es\/wp-json\/wp\/v2\/categories?post=59225"},{"taxonomy":"post_tag","embeddable":true,"href":"https:\/\/www.radiosanctispiritus.cu\/es\/wp-json\/wp\/v2\/tags?post=59225"},{"taxonomy":"author","embeddable":true,"href":"https:\/\/www.radiosanctispiritus.cu\/es\/wp-json\/wp\/v2\/coauthors?post=59225"}],"curies":[{"name":"wp","href":"https:\/\/api.w.org\/{rel}","templated":true}]}}